{"id":1731,"date":"2014-12-11T13:46:07","date_gmt":"2014-12-11T12:46:07","guid":{"rendered":"http:\/\/blogg.notabene.se\/?p=1731"},"modified":"2014-12-15T10:40:48","modified_gmt":"2014-12-15T09:40:48","slug":"strategisk-design-i-stort-och-i-smatt","status":"publish","type":"post","link":"https:\/\/blogg.notabene.se\/?p=1731","title":{"rendered":"Strategisk design i stort \u2013 och i sm\u00e5tt"},"content":{"rendered":"<p>Kommunikationens uttryckss\u00e4tt och kanaler f\u00f6r\u00e4ndras och utvecklas st\u00e4ndigt. Nya medier och verktyg kommer till, n\u00e5gra enstaka tappar lite av sin styrka. Men framf\u00f6rallt blir v\u00e4rlden mer komplex och komplicerad.<\/p>\n<p>I denna verklighet blir kommersiell, strategisk design dock bara allt viktigare. Av otaliga sk\u00e4l och p\u00e5 flera s\u00e4tt. Jag har skrivit om det m\u00e5nga g\u00e5nger och diskuterat det med formgivare och andra kommunikat\u00f6rer \u00e4nnu fler g\u00e5nger. Bland annat med John Mellkvist, som f\u00f6r ett par \u00e5r sedan ocks\u00e5 skrev <a href=\"https:\/\/blogg.notabene.se\/?p=1729\" target=\"_blank\">ett g\u00e4stinl\u00e4gg h\u00e4r p\u00e5 min blogg<\/a>.<\/p>\n<p>John Mellkvist b\u00f6rjade sin karri\u00e4r p\u00e5 Lowe Brindfors 1994 och f\u00f6ljde sedan med Hans Brindfors n\u00e4r han startade Brindfors Design, tv\u00e5 \u00e5r senare.<\/p>\n<p>\u201dN\u00e4r Brindfors Design startades fanns bara ett f\u00e5tal renodlade designbyr\u00e5er i Sverige. Brindfors blev den av dessa som tydligast adresserade den strategiska nyttan av design\u201d, ber\u00e4ttar John Mellkvist och forts\u00e4tter:<\/p>\n<p>\u201dStrategisk design var i Sverige ett nytt begrepp och jag minns fortfarande den f\u00f6rsta bilden i v\u00e5r presentation som pedagogiskt l\u00f6d \u2019ingen reklambyr\u00e5\u2019. Med ett starkt namn och n\u00e5gra tydliga case kunde man med siffror visa att design var en investering som l\u00f6nade sig.\u201d<\/p>\n<p>Sj\u00e4lv fick han en tidig insikt om detta, n\u00e4r han som ung assistent p\u00e5 Brindfors Design var med n\u00e4r man skapade Bl\u00e5vitt ur n\u00e5got som fram till dess bara existerat i folkmun.<\/p>\n<p>\u201dBara genom att skriva ut namnet och dela upp produkterna i n\u00e5gra f\u00e5, lagom \u00e5tskilda kategoriuttryck (f\u00f6r att undvika sammanblandning av exempelvis kaviar och skokr\u00e4m) steg f\u00f6rs\u00e4ljningen som en raket\u201d, minns han.<\/p>\n<p>&nbsp;<\/p>\n<p>SV\u00c5RARE STYRA ETT VARUM\u00c4RKE IDAG<\/p>\n<p>Det har h\u00e4nt mycket under de 20 \u00e5r han arbetat i branschen. Och han har sj\u00e4lv varit aktiv i mycket av den utvecklingen. F\u00f6rutom p\u00e5 Brindfors Design ocks\u00e5 p\u00e5 Hall &amp; Cederquist Y&amp;R, Grow, Identity Works och SWE. Han \u00e4r dessutom grundare av designf\u00f6retaget\u00a0<a href=\"https:\/\/johnlook.com\/\">JohnLook.com<\/a> (som kan beskrivas lite som ett slags grafisk Ikea f\u00f6r mindre f\u00f6retag), r\u00e5dgivare och g\u00e4stf\u00f6rel\u00e4sare.<\/p>\n<p>\u201dSkillnaden nu j\u00e4mf\u00f6rt med n\u00e4r jag b\u00f6rjade i branschen \u00e4r att man d\u00e5 kunde kontrollera sitt varum\u00e4rke uppifr\u00e5n p\u00e5 ett helt annat s\u00e4tt. Idag med st\u00f6rre, snabbare utbud och alla olika dialogdrivna kanaler har konsumenten monumentalt mycket st\u00f6rre inflytande. Den tidigare f\u00f6rh\u00e4rskande linj\u00e4ra arbetsprocessen; strategi, design, produktion blir d\u00e4rf\u00f6r ofta alltf\u00f6r tids\u00f6dande. Mer tidsenligt logisk \u00e4r ist\u00e4llet en levande process, likt den som internetprojekt anv\u00e4nt fr\u00e5n dag ett. Enklast beskriven strategi, <a href=\"https:\/\/mellkvist.com\/designprojekt\" target=\"_blank\">design<\/a>, produktion fast som st\u00e4ndigt p\u00e5g\u00e5ende horisontella tidslinjer ist\u00e4llet f\u00f6r som tidigare, vertikala block\u201d, menar John Mellkvist.<\/p>\n<p>Idag arbetar han i egna bolaget Mellkvist Creative Management, b\u00e5de med rena designjobb och med att leda designprojekt och vaska fram kreativa strategier, b\u00e5de mot konsultbyr\u00e5er och direkt mot f\u00f6retagsledningar.<\/p>\n<p>\u201dJag definierar mig idag som en kreativt orienterad projektledare och k\u00e4nde mig mycket tr\u00e4ffad av rollen du beskrev h\u00e4rom \u00e5ret i din bloggtext \u201c<a href=\"https:\/\/blogg.notabene.se\/?p=1551\" target=\"_blank\">Med kikaren mot framtiden<\/a>\u201d, har han f\u00f6rklarat f\u00f6r mig.<\/p>\n<p>&nbsp;<\/p>\n<p>JAG BEH\u00d6VDE EN ANSIKTSLYFTNING<\/p>\n<p>F\u00f6r en tid sedan antydde John Mellkvist, lite diplomatiskt, att det fanns en del \u00f6vrigt att \u00f6nska, n\u00e4r det g\u00e4llde form och sidhuvud p\u00e5 min blogg. Jag kunde f\u00f6rst\u00e5s inte annat \u00e4n h\u00e5lla med honom om det.<\/p>\n<p>Ett vanligt standardtema fr\u00e5n WordPress \u00e4r naturligtvis inte speciellt tydligt eller utm\u00e4rkande f\u00f6r ett varum\u00e4rke.<\/p>\n<p>Men nu har min blogg, som synes, f\u00e5tt\u00a0en rej\u00e4l ansiktslyftning, skapad av John Mellkvist. Typsnittet \u00e4r Apples nya font, San Francisco.<\/p>\n<p>Det var en kul process att jobba med att hitta det uttryck som passar mig, tillsammans med en s\u00e5 professionell designer.<\/p>\n<p>John skickade en f\u00f6rsta skiss, som jag kommenterade \u2013 positivt och negativt \u2013 och utifr\u00e5n det kunde han jobba vidare. Jag tittade p\u00e5 ett par, tre alternativa typografiska sp\u00e5r och symboler, tills han visade den jag nu valde. Den k\u00e4ndes r\u00e4tt i stort sett direkt, som \u00a0jag s\u00e5g den. Den k\u00e4nns seri\u00f6s, stringent och lite uppk\u00e4ftig. Precis som jag \u00f6nskar att bloggen, i sina b\u00e4sta stunder, ska upplevas.<\/p>\n<p>&nbsp;<\/p>\n<p>&nbsp;<\/p>\n<p>ETT LITE ST\u00d6RRE UPPDRAG: ARLAS OSTAR<\/p>\n<p>Jag bad John Mellkvist ber\u00e4tta lite om n\u00e5got intressant designuppdrag, han jobbat med (och m\u00f6jligen lite st\u00f6rre och mer betydelsefullt \u00e4n min blogg), och han valde han Arlas ostar.<\/p>\n<p>S\u00e5, h\u00e4r \u00e4r hans egen ber\u00e4ttelse om det:<\/p>\n<p>\u201dF\u00f6r ett par \u00e5r sedan arbetade jag p\u00e5 varum\u00e4rkesbyr\u00e5n Identity Works med att ge Arlas h\u00e5rdostar ett nytt uttryck.<\/p>\n<p>Intressant i det projektet var att de existerande f\u00f6rpackningarna till uttrycket var f\u00f6r moderna f\u00f6r sitt eget b\u00e4sta. Unders\u00f6kningar hade visat att tradition, hantverk och kvalitet var de v\u00e4rdeord som bel\u00f6nades n\u00e4r det g\u00e4ller ost. Detta samtidigt som de befintliga f\u00f6rpackningarna talade ett helt annat spr\u00e5k, plastiga med vardagsn\u00e4ra frukostbilder i f\u00e4rg.<\/p>\n<p>Konkurrenterna hade alla satsat h\u00e5rt p\u00e5 nya f\u00f6rpackningskoncept vilket gjorde att dessa fick en helt annan uppm\u00e4rksamhet i butiken.<\/p>\n<p>Vid ett studiebes\u00f6k stod konkurrenternas ostar i prydliga rader p\u00e5 halmb\u00e4ddar och i tr\u00e4kartonger, medan Arlas ostar l\u00e5g huller om buller i plastbackar p\u00e5 golvet.<\/p>\n<p>Slutsatsen blev att vi beh\u00f6vde hitta ett uttryck som tog Arlas ost bak\u00e5t i tiden. Vi b\u00f6rjade med att gr\u00e4va fram historierna bakom Pr\u00e4stost, Herrg\u00e5rdsost, Grev\u00e9 och Svecia och l\u00e4t illustrat\u00f6ren Ulf Johansson f\u00e5nga var och en av dessa med n\u00e5gra tr\u00e4snittsliknande \u00f6gonblicksbilder.<\/p>\n<p>Designern Fredrik Monfrino gav ostarna ett klassiskt etiketterat uttryck. Genom att tidigt i processen ha en workshop med Arla och deras f\u00f6rpackningsleverant\u00f6rer kunde vi s\u00e4kerst\u00e4lla att f\u00e5 ett f\u00f6rpackningsmaterial som var mer papperslik \u00e4n tidigare, det vill s\u00e4ga s\u00e5 n\u00e4ra saluhall som m\u00f6jligt. P\u00e5 s\u00e5 vis, genom att ta designen ett steg bak\u00e5t i tiden och n\u00e4rmare de v\u00e4rden kunderna vill f\u00f6rknippa med ost, kunde vi snart se f\u00f6rs\u00e4ljningen ta tv\u00e5 steg fram\u00e5t.<\/p>\n<p>\u00c4ven processen var lite old school. Eftersom upplevelsen var s\u00e5 viktig valde jag att visa f\u00f6rslagen p\u00e5 pann\u00e5er d\u00e4r Arlas arbetsgrupp ledd av Maria Billow Bergendahl fick j\u00e4mf\u00f6ra och kommentera p\u00e5 pann\u00e5erna. N\u00e5got som inte lika l\u00e4tt l\u00e5ter sig g\u00f6ras i digital milj\u00f6.\u201d<\/p>\n<p>Maria Billow Bergendahl konstaterade efter uppdraget, att arbetet flutit f\u00f6rv\u00e5nansv\u00e4rt enkelt och snabbt:<\/p>\n<p>\u201dJohn Mellkvist och teamet p\u00e5 Identity Works kom tillbaka med ett f\u00f6rslag som var rakt p\u00e5 brief och faktiskt gick vi p\u00e5 det direkt utan direkta korrigeringar. Vi sparade d\u00e4rmed tid och pengar. Han var \u00e4ven engagerad i f\u00f6rpackningsutvecklingen som f\u00f6rb\u00e4ttrade sortimentet ytterligare\u201d, f\u00f6rklarade hon.<\/p>\n<p>John Mellkvist menar att ett riktigt bra \u00a0designuttryck \u00e4r tydligt men inte s\u00f6ndertestat fr\u00e5n start. Den viktigaste testen av designen sker i m\u00f6tet med de verkliga kunderna och kommer sedan beh\u00f6va anpassas efter deras reaktioner. Det som ofta i designprojekt kallas slutleverans ska idag mer r\u00e4ttvist kallas f\u00f6r en startleverans.<\/p>\n<p>\u201dI en tid d\u00e4r allt kan g\u00f6ras av alla och d\u00e4r allt g\u00e5r fort, m\u00e5ste produktionsbeslut kunna fattas tidigt. \u00c4r det en ny f\u00f6rpackning vi ska g\u00f6ra, eller vore en ny digital tj\u00e4nst b\u00e4ttre? Strategin m\u00e5ste omv\u00e4nt kunna justeras under resans g\u00e5ng Men det \u00e4r inte bara en piska, moroten \u00e4r att vi gillar f\u00f6retag som agerar p\u00e5 saker som sker i nutid.\u201d sammanfattar han.<\/p>\n<p>&nbsp;<\/p>\n<a href=\"http:\/\/twitter.com\/share\" class=\"twitter-share-button\" data-url=\"https:\/\/blogg.notabene.se\/?p=1731\" data-text=\"Strategisk design i stort \u2013 och i sm\u00e5tt\" data-count=\"horizontal\">Tweet<\/a>","protected":false},"excerpt":{"rendered":"<p>Kommunikationens uttryckss\u00e4tt och kanaler f\u00f6r\u00e4ndras och utvecklas st\u00e4ndigt. Nya medier och verktyg kommer till, n\u00e5gra enstaka tappar lite av sin styrka. Men framf\u00f6rallt blir v\u00e4rlden mer komplex och komplicerad. I denna verklighet blir kommersiell, strategisk design dock bara allt viktigare. Av otaliga sk\u00e4l och p\u00e5 flera s\u00e4tt. Jag har skrivit om det m\u00e5nga g\u00e5nger och [&hellip;]<\/p>\n","protected":false},"author":1,"featured_media":0,"comment_status":"open","ping_status":"open","sticky":false,"template":"","format":"standard","meta":{"jetpack_post_was_ever_published":false,"_jetpack_newsletter_access":"","_jetpack_dont_email_post_to_subs":false,"_jetpack_newsletter_tier_id":0,"_jetpack_memberships_contains_paywalled_content":false,"_jetpack_memberships_contains_paid_content":false,"footnotes":"","jetpack_publicize_message":"","jetpack_publicize_feature_enabled":true,"jetpack_social_post_already_shared":true,"jetpack_social_options":{"image_generator_settings":{"template":"highway","enabled":false}}},"categories":[99,97],"tags":[],"jetpack_publicize_connections":[],"jetpack_featured_media_url":"","jetpack_shortlink":"https:\/\/wp.me\/p1k0bi-rV","jetpack_sharing_enabled":true,"jetpack_likes_enabled":true,"_links":{"self":[{"href":"https:\/\/blogg.notabene.se\/index.php?rest_route=\/wp\/v2\/posts\/1731"}],"collection":[{"href":"https:\/\/blogg.notabene.se\/index.php?rest_route=\/wp\/v2\/posts"}],"about":[{"href":"https:\/\/blogg.notabene.se\/index.php?rest_route=\/wp\/v2\/types\/post"}],"author":[{"embeddable":true,"href":"https:\/\/blogg.notabene.se\/index.php?rest_route=\/wp\/v2\/users\/1"}],"replies":[{"embeddable":true,"href":"https:\/\/blogg.notabene.se\/index.php?rest_route=%2Fwp%2Fv2%2Fcomments&post=1731"}],"version-history":[{"count":6,"href":"https:\/\/blogg.notabene.se\/index.php?rest_route=\/wp\/v2\/posts\/1731\/revisions"}],"predecessor-version":[{"id":1739,"href":"https:\/\/blogg.notabene.se\/index.php?rest_route=\/wp\/v2\/posts\/1731\/revisions\/1739"}],"wp:attachment":[{"href":"https:\/\/blogg.notabene.se\/index.php?rest_route=%2Fwp%2Fv2%2Fmedia&parent=1731"}],"wp:term":[{"taxonomy":"category","embeddable":true,"href":"https:\/\/blogg.notabene.se\/index.php?rest_route=%2Fwp%2Fv2%2Fcategories&post=1731"},{"taxonomy":"post_tag","embeddable":true,"href":"https:\/\/blogg.notabene.se\/index.php?rest_route=%2Fwp%2Fv2%2Ftags&post=1731"}],"curies":[{"name":"wp","href":"https:\/\/api.w.org\/{rel}","templated":true}]}}