{"id":1870,"date":"2015-10-25T11:15:44","date_gmt":"2015-10-25T10:15:44","guid":{"rendered":"http:\/\/blogg.notabene.se\/?p=1870"},"modified":"2015-10-25T11:15:44","modified_gmt":"2015-10-25T10:15:44","slug":"nej-da-jag-sover-inte","status":"publish","type":"post","link":"https:\/\/blogg.notabene.se\/?p=1870","title":{"rendered":"Nej d\u00e5, jag sover inte!"},"content":{"rendered":"<p>Som en och annan mycket riktigt p\u00e5pekat, s\u00e5 har min blogg legat r\u00e4tt stilla under senare tid. Det beror dock inte p\u00e5 att jag tappat intresset f\u00f6r kommunikation och varum\u00e4rken. Tv\u00e4rtom!<\/p>\n<p>Men under de senaste m\u00e5naderna har jag varit fullt sysselsatt med mitt nya uppdrag fr\u00e5n Bonnier Business Media och Resum\u00e9 \u2013 analysbrevet Analys &amp; Marknad, som kommer ut digitalt varannan fredag.<\/p>\n<p>Det blev en riktig rivstart d\u00e4r, eftersom vi b\u00f6rjade med att byta utgivningsveckor fr\u00e5n udda till j\u00e4mna \u2013 vilket gjorde att jag kl\u00e4mde in en extrautg\u00e5va som nummer tv\u00e5. Dessutom fick jag uppdraget att intervjua de topp-nominerade marknadscheferna i Resum\u00e9s t\u00e4vling \u201dSveriges B\u00e4sta Marknadschef\u201d. Det resulterade i 15 publicerade intervjuer p\u00e5 \u00e5tta helsidor i Resum\u00e9 i samband med prisutdelningen. Det var onekligen v\u00e4ldigt l\u00e4nge sedan som jag bredde ut mig p\u00e5 det s\u00e4ttet p\u00e5 papper i skuren A4:a.<\/p>\n<p>Och, aprop\u00e5 Analys &amp; Marknad, h\u00e4r \u00e4r rubrikerna till de fem numer som kommit ut hittills, om du \u00e4r nyfiken:<\/p>\n<p>&nbsp;<\/p>\n<p><strong><u>Analys &amp; Marknad, nummer 1<\/u><\/strong><\/p>\n<p><strong>Analys \u2013 dagligvaruhandeln<\/strong><\/p>\n<p>Ica i v\u00e5ra hj\u00e4rtan<\/p>\n<p>Ica f\u00f6r ensamt i elitserien<\/p>\n<p>Coops f\u00f6rlorade sj\u00e4l<\/p>\n<p>Vad blev det av Tredje Blocket?<\/p>\n<p>Lidl fann en egen v\u00e4g<\/p>\n<p>Ekologiskt snart en hygienfaktor<\/p>\n<p><strong>Breddning och samarbeten, tv\u00e5 s\u00e4tt att st\u00e4rka musklerna<\/strong><\/p>\n<p>Carlsberg, probably the best shampoo i the World?<\/p>\n<p>M\u00f6jligheter och f\u00e4llor med brand extension<\/p>\n<p>Tillsammans blir vi starka<\/p>\n<p><strong>Bli dubbelt l\u00f6nsam med varum\u00e4rkesfokus<\/strong><\/p>\n<p>H\u00e4r \u00e4r beviset<\/p>\n<p>Detta \u00e4r Brand Orientation Index<\/p>\n<p>&nbsp;<\/p>\n<p>&nbsp;<\/p>\n<p><strong><u>Analys &amp; Marknad, nummer 2<\/u><\/strong><\/p>\n<p><strong>Att hitta sin marknad, sin plats och sina kunder<\/strong><\/p>\n<p>De f\u00f6r\u00e4nderliga marknaderna<\/p>\n<p>Alla kan ju inte \u00e4lska alla<\/p>\n<p>Sitter du p\u00e5 en egen stol, eller i kn\u00e4t p\u00e5 n\u00e5gon annan?<\/p>\n<p>V\u00e5ga diffrentiera dig!<\/p>\n<p>Samhall &#8211; fr\u00e5n skyddad verkstad till elitserien<\/p>\n<p>Samhalls metod &#8211; en bra id\u00e9 f\u00f6r m\u00e5nga f\u00f6retag<\/p>\n<p><strong>\u00c4r du social p\u00e5 n\u00e4tet?<\/strong><\/p>\n<p>Sociala medier \u00e4r inga affischtavlor<\/p>\n<p>Influencers allt mer betydelsefulla<\/p>\n<p>Hur jobbar man d\u00e5 p\u00e5 b\u00e4sta s\u00e4tt med influencers?<\/p>\n<p>Sociala medier \u00e4r inte allena saligg\u00f6rande!<\/p>\n<p>&nbsp;<\/p>\n<p>&nbsp;<\/p>\n<p><strong><u>Analys &amp; Marknad, nummer 3<\/u><\/strong><\/p>\n<p><strong>Analys &#8211; resebranschen<\/strong><\/p>\n<p>N\u00e4tsurfande individualister en utmaning f\u00f6r charterbranschen<\/p>\n<p>H\u00e4r finns alla fakta<\/p>\n<p>Gud, s\u00e5 tokigt Apollo!<\/p>\n<p>V\u00e5gspel sl\u00e4ppa Fritidsresor<\/p>\n<p><strong>Ekologiskt r\u00e4cker inte, nu m\u00e5ste du vara schyst ocks\u00e5<\/strong><\/p>\n<p>Samvete l\u00f6nar sig<\/p>\n<p>Fr\u00e5n mattest\u00f6d till sociala snabbk\u00f6p<\/p>\n<p>Samh\u00e4llsengagemanget tredubblade vinsten<\/p>\n<p>H\u00e5ll dig vaken, samh\u00e4llsutvecklingen sover inte<\/p>\n<p>&nbsp;<\/p>\n<p>&nbsp;<\/p>\n<p><strong><u>Analys &amp; Marknad, nummer 4<\/u><\/strong><\/p>\n<p><strong>N\u00e4r krisen kommer<\/strong><\/p>\n<p>\u00c4r beredskapen god?<\/p>\n<p>Kriser som stj\u00e4lper och kriser som st\u00e4rker<\/p>\n<p>Findus tog t\u00f6mmarna<\/p>\n<p><strong>Analys &#8211; Apoteksbranschen<\/strong><\/p>\n<p>Branschglidning &#8211; m\u00f6jlighet och utmaning f\u00f6r apoteken<\/p>\n<p>Balansering f\u00f6rdr\u00f6jer balsamering<\/p>\n<p>\u00c4n h\u00e5ller Apoteket AB konkurrenterna st\u00e5ngen<\/p>\n<p>&nbsp;<\/p>\n<p>&nbsp;<\/p>\n<p><strong><u>Analys &amp; Marknad, nummer 5<\/u><\/strong><\/p>\n<p><strong>Inte l\u00e4tt vara marknadschef, inte!<\/strong><\/p>\n<p>\u00c4r marknadschefen d\u00f6d?<\/p>\n<p><strong>Hur blir man Sveriges b\u00e4sta marknadschef?<\/strong><\/p>\n<p>Ombytlighet \u00e4r ingen bra aff\u00e4r<\/p>\n<p>De skickligaste har l\u00e5nga samarbeten<\/p>\n<p><strong>Det \u00e4r sv\u00e5rt och dyrt att v\u00e4lja byr\u00e5<\/strong><\/p>\n<p>Det finns hj\u00e4lp och verktyg<\/p>\n<p>N\u00e4r beh\u00f6ver man d\u00e5 en ny byr\u00e5?<\/p>\n<p><strong>Analys &#8211; Drivmedelsbranschen<\/strong><\/p>\n<p>Bensinmacken &#8211; snart bara en gammal fossil?<\/p>\n<p>Bensinbranschens varum\u00e4rken \u00e4r t\u00e4mligen utbytbara<\/p>\n<p>&nbsp;<\/p>\n<p>&nbsp;<\/p>\n<p>Mer information om Analys &amp; Marknad finns p\u00e5 <a href=\"https:\/\/bbm.bonnier.se\/analysmarknad\">https:\/\/bbm.bonnier.se\/analysmarknad<\/a><\/p>\n<p>&nbsp;<\/p>\n<a href=\"http:\/\/twitter.com\/share\" class=\"twitter-share-button\" data-url=\"https:\/\/blogg.notabene.se\/?p=1870\" data-text=\"Nej d\u00e5, jag sover inte!\" data-count=\"horizontal\">Tweet<\/a>","protected":false},"excerpt":{"rendered":"<p>Som en och annan mycket riktigt p\u00e5pekat, s\u00e5 har min blogg legat r\u00e4tt stilla under senare tid. Det beror dock inte p\u00e5 att jag tappat intresset f\u00f6r kommunikation och varum\u00e4rken. Tv\u00e4rtom! Men under de senaste m\u00e5naderna har jag varit fullt sysselsatt med mitt nya uppdrag fr\u00e5n Bonnier Business Media och Resum\u00e9 \u2013 analysbrevet Analys &amp; [&hellip;]<\/p>\n","protected":false},"author":1,"featured_media":0,"comment_status":"open","ping_status":"open","sticky":false,"template":"","format":"standard","meta":{"jetpack_post_was_ever_published":false,"_jetpack_newsletter_access":"","_jetpack_dont_email_post_to_subs":false,"_jetpack_newsletter_tier_id":0,"_jetpack_memberships_contains_paywalled_content":false,"_jetpack_memberships_contains_paid_content":false,"footnotes":"","jetpack_publicize_message":"","jetpack_publicize_feature_enabled":true,"jetpack_social_post_already_shared":true,"jetpack_social_options":{"image_generator_settings":{"template":"highway","enabled":false}}},"categories":[1],"tags":[],"jetpack_publicize_connections":[],"jetpack_featured_media_url":"","jetpack_shortlink":"https:\/\/wp.me\/p1k0bi-ua","jetpack_sharing_enabled":true,"jetpack_likes_enabled":true,"_links":{"self":[{"href":"https:\/\/blogg.notabene.se\/index.php?rest_route=\/wp\/v2\/posts\/1870"}],"collection":[{"href":"https:\/\/blogg.notabene.se\/index.php?rest_route=\/wp\/v2\/posts"}],"about":[{"href":"https:\/\/blogg.notabene.se\/index.php?rest_route=\/wp\/v2\/types\/post"}],"author":[{"embeddable":true,"href":"https:\/\/blogg.notabene.se\/index.php?rest_route=\/wp\/v2\/users\/1"}],"replies":[{"embeddable":true,"href":"https:\/\/blogg.notabene.se\/index.php?rest_route=%2Fwp%2Fv2%2Fcomments&post=1870"}],"version-history":[{"count":1,"href":"https:\/\/blogg.notabene.se\/index.php?rest_route=\/wp\/v2\/posts\/1870\/revisions"}],"predecessor-version":[{"id":1871,"href":"https:\/\/blogg.notabene.se\/index.php?rest_route=\/wp\/v2\/posts\/1870\/revisions\/1871"}],"wp:attachment":[{"href":"https:\/\/blogg.notabene.se\/index.php?rest_route=%2Fwp%2Fv2%2Fmedia&parent=1870"}],"wp:term":[{"taxonomy":"category","embeddable":true,"href":"https:\/\/blogg.notabene.se\/index.php?rest_route=%2Fwp%2Fv2%2Fcategories&post=1870"},{"taxonomy":"post_tag","embeddable":true,"href":"https:\/\/blogg.notabene.se\/index.php?rest_route=%2Fwp%2Fv2%2Ftags&post=1870"}],"curies":[{"name":"wp","href":"https:\/\/api.w.org\/{rel}","templated":true}]}}