{"id":2074,"date":"2018-04-05T18:51:01","date_gmt":"2018-04-05T17:51:01","guid":{"rendered":"http:\/\/blogg.notabene.se\/?p=2074"},"modified":"2018-04-11T09:46:55","modified_gmt":"2018-04-11T08:46:55","slug":"lars-halls-insatser-kan-inte-overskattas","status":"publish","type":"post","link":"https:\/\/blogg.notabene.se\/?p=2074","title":{"rendered":"Lars Halls insatser kan inte \u00f6verskattas"},"content":{"rendered":"<p><strong>Lars Hall<\/strong> har l\u00e4mnat oss. Landets fr\u00e4mste art director genom tiderna. Hans betydelse f\u00f6r reklam, formgivning och fotografi \u00e4r enorm och best\u00e5ende.<\/p>\n<p>Jag tr\u00e4ffade Lars Hall f\u00f6rsta g\u00e5ngen p\u00e5 v\u00e5ren 1983. Det var Guld\u00e4ggsgala i Grand H\u00f4tels Vintertr\u00e4dg\u00e5rd. Jag var praktikant p\u00e5 Resum\u00e9 och fick hj\u00e4lpa till med bevakningen fr\u00e5n festen genom att notera namnen p\u00e5 dem som fotograferades. En slags Gala Petter (en typ av jobb som jag m\u00e5ste erk\u00e4nna att jag alltid avskytt). Jag var f\u00e4rsk i branschen, men jag hade f\u00f6rst\u00e5s h\u00f6rt talas om Hall &amp; Cederquist. S\u00e5 n\u00e4r jag, med skrivblocket i h\u00f6gsta hugg, fr\u00e5gade mannen med rakat huvud om hans namn, och fick svaret \u201dLars Hall\u201d, var jag f\u00e4rdig att sjunka genom jorden.<\/p>\n<p>Efter den d\u00e4r f\u00f6rsta, korta kontakten har jag f\u00f6rst\u00e5s intervjuat honom m\u00e5nga g\u00e5nger genom \u00e5ren. Det var alltid lika intressant och l\u00e4rorikt.<\/p>\n<p><a href=\"https:\/\/blogg.notabene.se\/?p=1048\">Ett l\u00e4ngre personportr\u00e4tt har jag tidigare publicerat h\u00e4r p\u00e5 bloggen<\/a>. Det speglar mycket av honom, hans personlighet och hans insatser r\u00e4tt bra.<\/p>\n<p>Jag minns ocks\u00e5 n\u00e4r jag st\u00f6tte ihop med honom en g\u00e5ng p\u00e5 Hall &amp; Cederquist, n\u00e4r jag var uppe f\u00f6r att intervjua n\u00e5gon p\u00e5 byr\u00e5n f\u00f6r en kampanjanalys i Quo Vadis. Lars \u00a0ber\u00f6mde Quo Vadis f\u00f6r den seri\u00f6sa bevakning av reklambranschen vi gjorde och f\u00f6r att vi f\u00f6rs\u00f6kte bidra till analys och \u00f6kad kunskap. Sen n\u00e4mnde han att han diskuterat med en kollega, om de inte skulle kunna st\u00f6tta Quo Vadis ekonomiskt p\u00e5 n\u00e5got s\u00e4tt, f\u00f6r att s\u00e4kerst\u00e4lla utgivningen. Jag tackade f\u00f6rst\u00e5s f\u00f6r ber\u00f6mmet och deras \u00a0v\u00e4lvilja, men sa att vi om\u00f6jligt kunde ta emot n\u00e5gra ekonomiska bidrag fr\u00e5n branschen vi bevakade.<\/p>\n<p>N\u00e5gra \u00e5r senare gjorde han dock ett gratisjobb \u00e5t oss.<\/p>\n<p><strong>Sam Katz<\/strong>, som var (en mycket uppskattad) kr\u00f6nik\u00f6r i Quo Vadis hade i en kr\u00f6nika n\u00e4mnt Lars Hall som Sveriges skickligaste reklamman och en av de mycket f\u00e5 personer som Sam odelat uppskattade.<\/p>\n<p>N\u00e4r Sam hastigt och ov\u00e4ntat gick bort 1990 instiftade vi ett pris till hans minne (med syftet att uppmuntra ett f\u00f6rh\u00e5llningss\u00e4tt och ambitionsniv\u00e5 och gick till f\u00f6retag eller personer som hade f\u00f6rm\u00e5gan att t\u00e4nka sj\u00e4lvst\u00e4ndigt och g\u00e5 emot de stora str\u00f6mmarna). Jag fr\u00e5gade Lars Hall om han ville formge ett diplom till priset \u201dI Sams Anda\u201d .<\/p>\n<p>Lars Hall st\u00e4llde g\u00e4rna upp och tog fram ett diplom som utgjordes av en fotogravyr av fotografen <strong>Lennart Olssons<\/strong> favoritkatt. Vi betalade n\u00e5gra tusenlappar f\u00f6r fotogravyren, men Lars Hall sj\u00e4lv ville inte ha betalt.<\/p>\n<figure id=\"attachment_2075\" aria-describedby=\"caption-attachment-2075\" style=\"width: 300px\" class=\"wp-caption alignleft\"><a href=\"https:\/\/media.notabene.se\/2018\/04\/SamKatzpriset_edited-1.jpg\"><img loading=\"lazy\" decoding=\"async\" class=\"wp-image-2075 size-medium\" src=\"https:\/\/media.notabene.se\/2018\/04\/SamKatzpriset_edited-1-300x158.jpg\" alt=\"\" width=\"300\" height=\"158\" srcset=\"https:\/\/media.notabene.se\/2018\/04\/SamKatzpriset_edited-1-300x158.jpg 300w, https:\/\/media.notabene.se\/2018\/04\/SamKatzpriset_edited-1-768x404.jpg 768w, https:\/\/media.notabene.se\/2018\/04\/SamKatzpriset_edited-1-1024x538.jpg 1024w\" sizes=\"(max-width: 300px) 100vw, 300px\" \/><\/a><figcaption id=\"caption-attachment-2075\" class=\"wp-caption-text\"><em>Lars Hall, l\u00e4ngst till h\u00f6ger, i samband med utdelningen av det f\u00f6rsta priset &#8220;I Sams Anda&#8221;. \u00d6vriga p\u00e5 bilden \u00e4r pristagaren, Nils-Erik Johansson fr\u00e5n Hemk\u00f6p. Henri Holmgren och Benny Ljungblad (fr\u00e5n Hemk\u00f6ps byr\u00e5, Ljungblads), Kenny och jag fr\u00e5n QV, Jesper Katz, Larz Lundgren och Kurt Lundkvist fr\u00e5n Arbmans i Malm\u00f6 som ingick i juryn. Samt Lisa Katz.<\/em><\/figcaption><\/figure>\n<p>Sista g\u00e5ngen jag hade kontakt med Lars var 2013. D\u00e5 hade han hoppat av Platinaakademien i protest mot att bara m\u00e4n valdes in i akademien. <a href=\"https:\/\/blogg.notabene.se\/?p=1459\">Jag hade skrivit ett blogginl\u00e4gg<\/a>, och i en kr\u00f6nika i Dagens Media, att det var en av de fr\u00e4msta insatserna f\u00f6r reklambranschen som gjorts fr\u00e5n Platinaakademien. \u201dFaktum \u00e4r\u201d, skrev jag \u201datt den nog \u00e4r den enda insats som gjorts \u00f6ver huvud taget\u201d.<\/p>\n<p>N\u00e5gra dagar senare ringde Lars Hall och vi hade ett l\u00e5ngt, trevligt samtal. Han var i huvudsak n\u00f6jd med min kr\u00f6nika, men var lite butter f\u00f6r att jag p\u00e5st\u00e5tt att Platina-akademien inte gjort n\u00e5got \u00f6ver huvud taget tidigare. F\u00f6r det hade den faktiskt, sa han. I b\u00f6rjan av 1990-talet gav akademien ut tv\u00e5 skrifter, med namnet Platina, d\u00e4r medlemmar i akademien, delade med sig av sina tankar och erfarenheter. Den hade g\u00e5tt som bilaga i Svenskt Pappers tidning Papper. En publikation som gjordes av Hall &amp; Cederquist, under en tid d\u00e5 kvalitetspappersbruken \u00e4nnu hade rej\u00e4l reklambudget och kommunicerade regelbundet mot reklambranschen.<\/p>\n<p>Lars Hall skickade mig kopior p\u00e5 de tv\u00e5 numren av Platina.<\/p>\n<p>Med Lars bist\u00e5nd och <strong>Jan Cederquists<\/strong> familjs godk\u00e4nnande publicerade jag <a href=\"https:\/\/blogg.notabene.se\/?p=1462\">den text som Jan Cederquist<\/a> skrivit.<\/p>\n<p>Senare fick jag ocks\u00e5 tillst\u00e5nd att publicera <a href=\"https:\/\/blogg.notabene.se\/?p=1476\"><strong>Leon Nordins<\/strong><\/a> och <a href=\"https:\/\/blogg.notabene.se\/?p=1469\"><strong>S\u00f6ren Blankings<\/strong> <\/a>texter.<\/p>\n<p>Jag har fortfarande kvar brevet som Lars skickade mig, med kopiorna p\u00e5 Platina. Ett fint minne som jag ska v\u00e5rda v\u00e4l.<\/p>\n<p>Tack Lars, f\u00f6r allt du betytt f\u00f6r svensk reklam och svenska varum\u00e4rken!<\/p>\n<p>&nbsp;<\/p>\n<a href=\"http:\/\/twitter.com\/share\" class=\"twitter-share-button\" data-url=\"https:\/\/blogg.notabene.se\/?p=2074\" data-text=\"Lars Halls insatser kan inte \u00f6verskattas\" data-count=\"horizontal\">Tweet<\/a>","protected":false},"excerpt":{"rendered":"<p>Lars Hall har l\u00e4mnat oss. Landets fr\u00e4mste art director genom tiderna. Hans betydelse f\u00f6r reklam, formgivning och fotografi \u00e4r enorm och best\u00e5ende. Jag tr\u00e4ffade Lars Hall f\u00f6rsta g\u00e5ngen p\u00e5 v\u00e5ren 1983. Det var Guld\u00e4ggsgala i Grand H\u00f4tels Vintertr\u00e4dg\u00e5rd. Jag var praktikant p\u00e5 Resum\u00e9 och fick hj\u00e4lpa till med bevakningen fr\u00e5n festen genom att notera namnen [&hellip;]<\/p>\n","protected":false},"author":1,"featured_media":0,"comment_status":"open","ping_status":"open","sticky":false,"template":"","format":"standard","meta":{"jetpack_post_was_ever_published":false,"_jetpack_newsletter_access":"","_jetpack_dont_email_post_to_subs":false,"_jetpack_newsletter_tier_id":0,"_jetpack_memberships_contains_paywalled_content":false,"_jetpack_memberships_contains_paid_content":false,"footnotes":"","jetpack_publicize_message":"","jetpack_publicize_feature_enabled":true,"jetpack_social_post_already_shared":true,"jetpack_social_options":{"image_generator_settings":{"template":"highway","enabled":false}}},"categories":[38,97],"tags":[],"jetpack_publicize_connections":[],"jetpack_featured_media_url":"","jetpack_shortlink":"https:\/\/wp.me\/p1k0bi-xs","jetpack_sharing_enabled":true,"jetpack_likes_enabled":true,"_links":{"self":[{"href":"https:\/\/blogg.notabene.se\/index.php?rest_route=\/wp\/v2\/posts\/2074"}],"collection":[{"href":"https:\/\/blogg.notabene.se\/index.php?rest_route=\/wp\/v2\/posts"}],"about":[{"href":"https:\/\/blogg.notabene.se\/index.php?rest_route=\/wp\/v2\/types\/post"}],"author":[{"embeddable":true,"href":"https:\/\/blogg.notabene.se\/index.php?rest_route=\/wp\/v2\/users\/1"}],"replies":[{"embeddable":true,"href":"https:\/\/blogg.notabene.se\/index.php?rest_route=%2Fwp%2Fv2%2Fcomments&post=2074"}],"version-history":[{"count":5,"href":"https:\/\/blogg.notabene.se\/index.php?rest_route=\/wp\/v2\/posts\/2074\/revisions"}],"predecessor-version":[{"id":2096,"href":"https:\/\/blogg.notabene.se\/index.php?rest_route=\/wp\/v2\/posts\/2074\/revisions\/2096"}],"wp:attachment":[{"href":"https:\/\/blogg.notabene.se\/index.php?rest_route=%2Fwp%2Fv2%2Fmedia&parent=2074"}],"wp:term":[{"taxonomy":"category","embeddable":true,"href":"https:\/\/blogg.notabene.se\/index.php?rest_route=%2Fwp%2Fv2%2Fcategories&post=2074"},{"taxonomy":"post_tag","embeddable":true,"href":"https:\/\/blogg.notabene.se\/index.php?rest_route=%2Fwp%2Fv2%2Ftags&post=2074"}],"curies":[{"name":"wp","href":"https:\/\/api.w.org\/{rel}","templated":true}]}}