{"id":2195,"date":"2018-09-25T14:23:15","date_gmt":"2018-09-25T13:23:15","guid":{"rendered":"http:\/\/blogg.notabene.se\/?p=2195"},"modified":"2018-09-25T16:06:56","modified_gmt":"2018-09-25T15:06:56","slug":"anders-wester-sokte-aldrig-rampljuset","status":"publish","type":"post","link":"https:\/\/blogg.notabene.se\/?p=2195","title":{"rendered":"Anders Wester s\u00f6kte aldrig rampljuset"},"content":{"rendered":"<figure id=\"attachment_2224\" aria-describedby=\"caption-attachment-2224\" style=\"width: 200px\" class=\"wp-caption alignleft\"><a href=\"https:\/\/media.notabene.se\/2018\/09\/Anders-Wester.jpg\"><img loading=\"lazy\" decoding=\"async\" class=\"wp-image-2224 size-medium\" src=\"https:\/\/media.notabene.se\/2018\/09\/Anders-Wester-200x300.jpg\" alt=\"\" width=\"200\" height=\"300\" srcset=\"https:\/\/media.notabene.se\/2018\/09\/Anders-Wester-200x300.jpg 200w, https:\/\/media.notabene.se\/2018\/09\/Anders-Wester.jpg 427w\" sizes=\"(max-width: 200px) 100vw, 200px\" \/><\/a><figcaption id=\"caption-attachment-2224\" class=\"wp-caption-text\"><em>Anders Wester ungef\u00e4r 2009. Foto: Bersa<\/em><\/figcaption><\/figure>\n<p><em><strong>\u00c4nnu en av v\u00e5ra fr\u00e4msta kreat\u00f6rer har l\u00e4mnat oss. Anders Wester var 63 \u00e5r, n\u00e4r han nyligen gick bort efter en l\u00e4ngre tids sjukdom. Men han var med l\u00e4nge och har \u00e5stadkommit mer \u00e4n m\u00e5nga hinner under en betydligt l\u00e4ngre karri\u00e4r.<\/strong><\/em><\/p>\n<p>Han drevs av en brinnande passion och total h\u00e4ngivenhet f\u00f6r uppdraget och reklamens uppgift. Ingen anstr\u00e4ngning var f\u00f6r stor, f\u00f6r att hitta r\u00e4tt l\u00f6sning. Ingen detalj f\u00f6r liten att beaktas. Allt kunde alltid g\u00f6ras lite, lite b\u00e4ttre.<\/p>\n<p>P\u00e5 80- och 90-talen fanns flera exempel p\u00e5 kreat\u00f6rer och byr\u00e5er som hade sina specifika signum. Man kunde ana vem som l\u00e5g bakom reklamen. Det g\u00e4llde d\u00e4remot aldrig Anders Westers jobb. Han hade ingen \u201degen stil\u201d och byggde inte sitt eget varum\u00e4rke. Hans jobb styrdes av kundens behov och varum\u00e4rke.<\/p>\n<figure id=\"attachment_2206\" aria-describedby=\"caption-attachment-2206\" style=\"width: 300px\" class=\"wp-caption aligncenter\"><a href=\"https:\/\/media.notabene.se\/2018\/09\/Proventus-1992-93.jpg\"><img loading=\"lazy\" decoding=\"async\" class=\"size-medium wp-image-2206\" src=\"https:\/\/media.notabene.se\/2018\/09\/Proventus-1992-93-300x193.jpg\" alt=\"\" width=\"300\" height=\"193\" srcset=\"https:\/\/media.notabene.se\/2018\/09\/Proventus-1992-93-300x193.jpg 300w, https:\/\/media.notabene.se\/2018\/09\/Proventus-1992-93-768x495.jpg 768w, https:\/\/media.notabene.se\/2018\/09\/Proventus-1992-93-1024x660.jpg 1024w\" sizes=\"(max-width: 300px) 100vw, 300px\" \/><\/a><figcaption id=\"caption-attachment-2206\" class=\"wp-caption-text\"><em>Ett uppslag i Proventus \u00e5rsredovisning 1992-93<\/em><\/figcaption><\/figure>\n<p>S\u00e5 det kunde bli elegant och sparsmakat som Proventus \u00e5rsredovisningar. De har nog fortfarande samlarv\u00e4rde. Aldrig tidigare hade v\u00e4l resultat- och balansr\u00e4kningar levererats i mer smakfulla f\u00f6rpackningar, vanligtvis illustrerat av <strong>Mats Gustavson<\/strong>.<a href=\"https:\/\/media.notabene.se\/2018\/09\/Expressen-Gorbatjov.jpg\"><img loading=\"lazy\" decoding=\"async\" class=\"alignright size-medium wp-image-2197\" src=\"https:\/\/media.notabene.se\/2018\/09\/Expressen-Gorbatjov-213x300.jpg\" alt=\"\" width=\"213\" height=\"300\" srcset=\"https:\/\/media.notabene.se\/2018\/09\/Expressen-Gorbatjov-213x300.jpg 213w, https:\/\/media.notabene.se\/2018\/09\/Expressen-Gorbatjov-768x1081.jpg 768w, https:\/\/media.notabene.se\/2018\/09\/Expressen-Gorbatjov-727x1024.jpg 727w\" sizes=\"(max-width: 213px) 100vw, 213px\" \/><\/a><\/p>\n<p><a href=\"https:\/\/media.notabene.se\/2018\/09\/Expressen-overcome.jpg\"><img loading=\"lazy\" decoding=\"async\" class=\"size-medium wp-image-2198\" src=\"https:\/\/media.notabene.se\/2018\/09\/Expressen-overcome-206x300.jpg\" alt=\"\" width=\"206\" height=\"300\" srcset=\"https:\/\/media.notabene.se\/2018\/09\/Expressen-overcome-206x300.jpg 206w, https:\/\/media.notabene.se\/2018\/09\/Expressen-overcome-768x1119.jpg 768w, https:\/\/media.notabene.se\/2018\/09\/Expressen-overcome-703x1024.jpg 703w\" sizes=\"(max-width: 206px) 100vw, 206px\" \/><\/a><\/p>\n<figure id=\"attachment_2209\" aria-describedby=\"caption-attachment-2209\" style=\"width: 215px\" class=\"wp-caption alignright\"><a href=\"https:\/\/media.notabene.se\/2018\/09\/Expressen-hej.jpg\"><img loading=\"lazy\" decoding=\"async\" class=\"size-medium wp-image-2209\" src=\"https:\/\/media.notabene.se\/2018\/09\/Expressen-hej-215x300.jpg\" alt=\"\" width=\"215\" height=\"300\" srcset=\"https:\/\/media.notabene.se\/2018\/09\/Expressen-hej-215x300.jpg 215w, https:\/\/media.notabene.se\/2018\/09\/Expressen-hej-768x1074.jpg 768w, https:\/\/media.notabene.se\/2018\/09\/Expressen-hej-733x1024.jpg 733w\" sizes=\"(max-width: 215px) 100vw, 215px\" \/><\/a><figcaption id=\"caption-attachment-2209\" class=\"wp-caption-text\"><em>Expressen-reklamen kommenterade dagsaktuella h\u00e4ndelser. Men drev ocks\u00e5 g\u00e4rna lite med sig sj\u00e4lv.<\/em><\/figcaption><\/figure>\n<p>Men det kunde lika g\u00e4rna vara lekfullt och busigt, som Expressens uppk\u00e4ftiga reklam d\u00e4r <strong>Bengt Goods<\/strong> geting satte gadden i v\u00e4rldsledare och k\u00e4ndisar. Till geniala texter av <strong>Jan Switz<\/strong> (som l\u00e4mnade oss alldeles f\u00f6r tidigt bara 39 \u00e5r gammal).<\/p>\n<p>Anders Wester var 17 \u00e5r, n\u00e4r han b\u00f6rjade p\u00e5 Ted Bates i Helsingborg och han gick snart vidare till Arbmans i Malm\u00f6. D\u00e4r utvecklades han i yrket tillsammans med storheter som <strong>John Melin<\/strong> och <strong>Kurt Lundkvist<\/strong>. Den senare har kallat Anders Wester f\u00f6r \u201dden b\u00e4sta assistent jag haft\u201d.<\/p>\n<p>P\u00e5 Arbmans jobbade han bland annat med lanseringen av det svenska kassett-varum\u00e4rket Track, som startade 1981 f\u00f6r att konkurrera med japanska kassett-tillverkare som Maxell och TDK. Kampanjen v\u00e4ckte stor uppm\u00e4rksamhet med stora bilder p\u00e5 sumobrottare och rubriker som \u201dSvenska Track \u2013 utmanar japanerna\u201d.\u00a0Anders Wester var AD p\u00e5 uppdraget och <strong>Larz Lundgren<\/strong>, copywriter. (<strong>Sam Katz<\/strong> var faktiskt ocks\u00e5 inblandad p\u00e5 ett h\u00f6rn och skrev en engelsk text f\u00f6r en annons som skulle publiceras i USA).<\/p>\n<p><a href=\"https:\/\/media.notabene.se\/2018\/09\/Track-2.jpg\"><img loading=\"lazy\" decoding=\"async\" class=\"alignright size-medium wp-image-2200\" src=\"https:\/\/media.notabene.se\/2018\/09\/Track-2-212x300.jpg\" alt=\"\" width=\"212\" height=\"300\" srcset=\"https:\/\/media.notabene.se\/2018\/09\/Track-2-212x300.jpg 212w, https:\/\/media.notabene.se\/2018\/09\/Track-2-768x1088.jpg 768w, https:\/\/media.notabene.se\/2018\/09\/Track-2-723x1024.jpg 723w\" sizes=\"(max-width: 212px) 100vw, 212px\" \/><\/a> <a href=\"https:\/\/media.notabene.se\/2018\/09\/Track-5.jpg\"><img loading=\"lazy\" decoding=\"async\" class=\"alignright size-medium wp-image-2207\" src=\"https:\/\/media.notabene.se\/2018\/09\/Track-5-300x231.jpg\" alt=\"\" width=\"300\" height=\"231\" srcset=\"https:\/\/media.notabene.se\/2018\/09\/Track-5-300x231.jpg 300w, https:\/\/media.notabene.se\/2018\/09\/Track-5-768x592.jpg 768w, https:\/\/media.notabene.se\/2018\/09\/Track-5-1024x789.jpg 1024w\" sizes=\"(max-width: 300px) 100vw, 300px\" \/><\/a><\/p>\n<p>Dessv\u00e4rre h\u00f6ll reklamen h\u00f6gre kvalitet \u00e4n kassettbanden. I varje fall till en b\u00f6rjan. Varum\u00e4rket lyckades aldrig riktigt reparera skadan av de inledande kvalitetsbristerna och i kombination med en ny kassettskatt blev hindren o\u00f6verkomliga och Track \u00f6verlevde bara i fyra \u00e5r.<\/p>\n<figure id=\"attachment_2199\" aria-describedby=\"caption-attachment-2199\" style=\"width: 300px\" class=\"wp-caption alignright\"><a href=\"https:\/\/media.notabene.se\/2018\/09\/Guldkedjan-2.jpg\"><img loading=\"lazy\" decoding=\"async\" class=\"size-medium wp-image-2199\" src=\"https:\/\/media.notabene.se\/2018\/09\/Guldkedjan-2-300x227.jpg\" alt=\"\" width=\"300\" height=\"227\" srcset=\"https:\/\/media.notabene.se\/2018\/09\/Guldkedjan-2-300x227.jpg 300w, https:\/\/media.notabene.se\/2018\/09\/Guldkedjan-2-768x580.jpg 768w, https:\/\/media.notabene.se\/2018\/09\/Guldkedjan-2-1024x774.jpg 1024w\" sizes=\"(max-width: 300px) 100vw, 300px\" \/><\/a><figcaption id=\"caption-attachment-2199\" class=\"wp-caption-text\"><em>En riktig klassiker med Isabelle Rossellini som kom till Stockholm f\u00f6r att fotograferas av Janne Bengtsson f\u00f6r Guldkedjan<\/em><\/figcaption><\/figure>\n<p>&nbsp;<\/p>\n<p>Det var dock framf\u00f6r allt p\u00e5 Hall &amp; Cederquist som Anders Wester gjorde sitt fr\u00e4msta avtryck. Under en period tillsammans med <strong>Lars Hall<\/strong> och <strong>Hans Sydow<\/strong> i New York, p\u00e5 den byr\u00e5 som Hall &amp; Cederquist startade 1984.<\/p>\n<figure id=\"attachment_2205\" aria-describedby=\"caption-attachment-2205\" style=\"width: 210px\" class=\"wp-caption alignleft\"><a href=\"https:\/\/media.notabene.se\/2018\/09\/Aftonbladet-gam2.jpg\"><img loading=\"lazy\" decoding=\"async\" class=\"size-medium wp-image-2205\" src=\"https:\/\/media.notabene.se\/2018\/09\/Aftonbladet-gam2-210x300.jpg\" alt=\"\" width=\"210\" height=\"300\" srcset=\"https:\/\/media.notabene.se\/2018\/09\/Aftonbladet-gam2-210x300.jpg 210w, https:\/\/media.notabene.se\/2018\/09\/Aftonbladet-gam2-768x1099.jpg 768w, https:\/\/media.notabene.se\/2018\/09\/Aftonbladet-gam2-716x1024.jpg 716w\" sizes=\"(max-width: 210px) 100vw, 210px\" \/><\/a><figcaption id=\"caption-attachment-2205\" class=\"wp-caption-text\"><em>Men ocks\u00e5 Aftonbladet blev en uppdragsgivare.<\/em><\/figcaption><\/figure>\n<p>New York-satsningen blev lite av en berg-och-dalbana, f\u00f6r byr\u00e5n var f\u00f6rst\u00e5s som en liten mygga i den stora, amerikanska reklamv\u00e4rlden. Men det var en ettrig mygga som inte r\u00e4des n\u00e5got. Anders Westers jobb f\u00f6r skotillverkaren Travel Fox gjorde n\u00e4ra nog skandal, n\u00e4r kampanjens modeller var nakna s\u00e5 n\u00e4r som p\u00e5 sina skor. Hur sedesamma bilderna \u00e4n var egentligen, s\u00e5 var sj\u00e4lva nakenheten magstark f\u00f6r de pryda amerikanerna.<\/p>\n<p>N\u00e4r Young &amp; Rubicam k\u00f6pte Hall &amp; Cederquist, 1989, blev det dock slutet f\u00f6r H&amp;C New York. Det fanns ju redan en stor Y&amp;R-byr\u00e5 i stan.<\/p>\n<p>Y&amp;R-n\u00e4tets k\u00f6p av Hall &amp; Cederquist fl\u00f6t t\u00e4mligen smidigt, j\u00e4mf\u00f6rt med m\u00e5nga andra uppk\u00f6p. En f\u00f6rklaring sades vara att Anders Wester och <strong>H\u00e5kan Gustavsson<\/strong> tillsammans tog \u00f6ver ledningen. Anders Wester tog ansvar f\u00f6r det kreativa ledarskapet och kontinuiteten. H\u00e5kan Gustavsson ansvarade f\u00f6r ekonomi och administration. Anders Wester hade dessutom <strong>Anna Romson<\/strong> som assistent vid sin sida. Hon hade b\u00f6rjat sin kreat\u00f6rsbana p\u00e5 Hall &amp; Cederquist New York, s\u00e5 samarbetet mellan de tv\u00e5 var v\u00e4l etablerat.<\/p>\n<p><a href=\"https:\/\/media.notabene.se\/2018\/09\/Vagabond.jpg\"><img loading=\"lazy\" decoding=\"async\" class=\"size-medium wp-image-2210 alignleft\" src=\"https:\/\/media.notabene.se\/2018\/09\/Vagabond-300x196.jpg\" alt=\"\" width=\"300\" height=\"196\" srcset=\"https:\/\/media.notabene.se\/2018\/09\/Vagabond-300x196.jpg 300w, https:\/\/media.notabene.se\/2018\/09\/Vagabond-768x502.jpg 768w, https:\/\/media.notabene.se\/2018\/09\/Vagabond-1024x669.jpg 1024w\" sizes=\"(max-width: 300px) 100vw, 300px\" \/><\/a> <a href=\"https:\/\/media.notabene.se\/2018\/09\/Vagabond-motorcykel.jpg\"><img loading=\"lazy\" decoding=\"async\" class=\"size-medium wp-image-2208 alignleft\" src=\"https:\/\/media.notabene.se\/2018\/09\/Vagabond-motorcykel-300x219.jpg\" alt=\"\" width=\"300\" height=\"219\" srcset=\"https:\/\/media.notabene.se\/2018\/09\/Vagabond-motorcykel-300x219.jpg 300w, https:\/\/media.notabene.se\/2018\/09\/Vagabond-motorcykel-768x561.jpg 768w, https:\/\/media.notabene.se\/2018\/09\/Vagabond-motorcykel-1024x748.jpg 1024w\" sizes=\"(max-width: 300px) 100vw, 300px\" \/><\/a><\/p>\n<figure id=\"attachment_2201\" aria-describedby=\"caption-attachment-2201\" style=\"width: 300px\" class=\"wp-caption alignleft\"><a href=\"https:\/\/media.notabene.se\/2018\/09\/Vagabond-hundar.jpg\"><img loading=\"lazy\" decoding=\"async\" class=\"wp-image-2201 size-medium\" src=\"https:\/\/media.notabene.se\/2018\/09\/Vagabond-hundar-300x221.jpg\" alt=\"\" width=\"300\" height=\"221\" srcset=\"https:\/\/media.notabene.se\/2018\/09\/Vagabond-hundar-300x221.jpg 300w, https:\/\/media.notabene.se\/2018\/09\/Vagabond-hundar-768x566.jpg 768w, https:\/\/media.notabene.se\/2018\/09\/Vagabond-hundar-1024x755.jpg 1024w\" sizes=\"(max-width: 300px) 100vw, 300px\" \/><\/a><figcaption id=\"caption-attachment-2201\" class=\"wp-caption-text\">Vagabond kunde ocks\u00e5 ha glimten i \u00f6ga iblandt.<\/figcaption><\/figure>\n<p>Men Anders Wester hade bland annat ocks\u00e5 huvudansvaret f\u00f6r storkunden Ericsson och reste mycket. Efter tio \u00e5r l\u00e4mnade teamet Wester\/Gustavsson \u00f6ver ledarskapet till <strong>Olle S\u00f6derberg<\/strong> och Anders Wester blev Young &amp; Rubicams Chief Creative Officer f\u00f6r Europa, Mellan\u00f6stern och Afrika. Han bodde i flera \u00e5r i New York, innan han kom tillbaka till Sverige p\u00e5 heltid 2003 och startade Voice \u2013 the brand liberation company. D\u00e4r arbetade han bland annat tillsammans med <strong>Annika Rehn Frobell, Mattias Jersild<\/strong> och <strong>Fredrik Axell<\/strong>. Ett uppdrag fr\u00e5n den tiden var \u201dAllt r\u00f6tt blir bl\u00e5tt\u201d, n\u00e4r Vodafone blev Telenor. S\u00e5 snabbt som m\u00f6jligt skulle Vodafones varum\u00e4rkesv\u00e4rden flyttas \u00f6ver till Telenor. Bolaget formulerade ett tufft m\u00e5l, som skulle n\u00e5s p\u00e5 sex m\u00e5nader. Det gick p\u00e5 fyra veckor.<a href=\"https:\/\/media.notabene.se\/2018\/09\/VOD-Telenor3.jpg\"><img loading=\"lazy\" decoding=\"async\" class=\"alignleft size-medium wp-image-2202\" src=\"https:\/\/media.notabene.se\/2018\/09\/VOD-Telenor3-212x300.jpg\" alt=\"\" width=\"212\" height=\"300\" srcset=\"https:\/\/media.notabene.se\/2018\/09\/VOD-Telenor3-212x300.jpg 212w, https:\/\/media.notabene.se\/2018\/09\/VOD-Telenor3-768x1086.jpg 768w, https:\/\/media.notabene.se\/2018\/09\/VOD-Telenor3-724x1024.jpg 724w, https:\/\/media.notabene.se\/2018\/09\/VOD-Telenor3.jpg 842w\" sizes=\"(max-width: 212px) 100vw, 212px\" \/><\/a> <a href=\"https:\/\/media.notabene.se\/2018\/09\/VOD-Telenor6.jpg\"><img loading=\"lazy\" decoding=\"async\" class=\"alignleft size-medium wp-image-2204\" src=\"https:\/\/media.notabene.se\/2018\/09\/VOD-Telenor6-300x225.jpg\" alt=\"\" width=\"300\" height=\"225\" srcset=\"https:\/\/media.notabene.se\/2018\/09\/VOD-Telenor6-300x225.jpg 300w, https:\/\/media.notabene.se\/2018\/09\/VOD-Telenor6-768x576.jpg 768w, https:\/\/media.notabene.se\/2018\/09\/VOD-Telenor6.jpg 850w\" sizes=\"(max-width: 300px) 100vw, 300px\" \/><\/a> <a href=\"https:\/\/media.notabene.se\/2018\/09\/VOD-Telenor5.jpg\"><img loading=\"lazy\" decoding=\"async\" class=\"alignright size-medium wp-image-2203\" src=\"https:\/\/media.notabene.se\/2018\/09\/VOD-Telenor5-300x225.jpg\" alt=\"\" width=\"300\" height=\"225\" srcset=\"https:\/\/media.notabene.se\/2018\/09\/VOD-Telenor5-300x225.jpg 300w, https:\/\/media.notabene.se\/2018\/09\/VOD-Telenor5-768x576.jpg 768w, https:\/\/media.notabene.se\/2018\/09\/VOD-Telenor5.jpg 850w\" sizes=\"(max-width: 300px) 100vw, 300px\" \/><\/a><\/p>\n<p>Under senare \u00e5r har Anders Wester arbetat en hel del med bokproduktioner. Bland annat f\u00f6r Judiska Teatern som drevs och finansierades av <strong>Robert Weil<\/strong> och Proventus. Samarbetet mellan Weil och Anders Wester b\u00f6rjade tidigt och blev livsl\u00e5ngt.<\/p>\n<p>Anders Wester var inte alltid s\u00e5 l\u00e4tt att ha att g\u00f6ra med. Hans kompromissl\u00f6sa str\u00e4van efter perfektion och resultat st\u00e4llde h\u00f6ga krav p\u00e5 dem som arbetade med honom. Men hans krav p\u00e5 sig sj\u00e4lv var minst lika h\u00f6ga.<\/p>\n<figure id=\"attachment_2228\" aria-describedby=\"caption-attachment-2228\" style=\"width: 300px\" class=\"wp-caption aligncenter\"><a href=\"https:\/\/media.notabene.se\/2018\/09\/MD_0007.jpg\"><img loading=\"lazy\" decoding=\"async\" class=\"size-medium wp-image-2228\" src=\"https:\/\/media.notabene.se\/2018\/09\/MD_0007-300x208.jpg\" alt=\"\" width=\"300\" height=\"208\" srcset=\"https:\/\/media.notabene.se\/2018\/09\/MD_0007-300x208.jpg 300w, https:\/\/media.notabene.se\/2018\/09\/MD_0007-768x532.jpg 768w, https:\/\/media.notabene.se\/2018\/09\/MD_0007-1024x709.jpg 1024w\" sizes=\"(max-width: 300px) 100vw, 300px\" \/><\/a><figcaption id=\"caption-attachment-2228\" class=\"wp-caption-text\"><em>Bokprojekt f\u00f6r Judiska Teaterns f\u00f6rest\u00e4llning &#8220;Hundarna i Prag&#8221; av Marguerite Duras.<\/em><\/figcaption><\/figure>\n<p>F\u00f6r mig, som journalist, var det alltid l\u00e4ttare att n\u00e5 Lars Hall eller <strong>Jan Cederquist<\/strong>, n\u00e4r de drev byr\u00e5n, \u00e4n att f\u00e5 tala med Anders Wester n\u00e4r han tagit \u00f6ver. \u00a0Det var aldrig heller n\u00e5gon mening att f\u00f6rs\u00f6ka prata med n\u00e5gon annan, f\u00f6r alla h\u00e4nvisade i alla fall till honom. Men han h\u00f6ll sig helst undan uppm\u00e4rksamheten. Det var jobben som skulle tala. Och ifall n\u00e5gon skulle tala OM jobben, s\u00e5 var det kunden. Eller klienten, som han ofta f\u00f6redrog att kalla sina uppdragsgivare.<\/p>\n<figure id=\"attachment_2214\" aria-describedby=\"caption-attachment-2214\" style=\"width: 242px\" class=\"wp-caption aligncenter\"><a href=\"https:\/\/media.notabene.se\/2018\/09\/jt2.jpg\"><img loading=\"lazy\" decoding=\"async\" class=\"size-medium wp-image-2214\" src=\"https:\/\/media.notabene.se\/2018\/09\/jt2-242x300.jpg\" alt=\"\" width=\"242\" height=\"300\" srcset=\"https:\/\/media.notabene.se\/2018\/09\/jt2-242x300.jpg 242w, https:\/\/media.notabene.se\/2018\/09\/jt2-768x951.jpg 768w, https:\/\/media.notabene.se\/2018\/09\/jt2-827x1024.jpg 827w, https:\/\/media.notabene.se\/2018\/09\/jt2.jpg 850w\" sizes=\"(max-width: 242px) 100vw, 242px\" \/><\/a><figcaption id=\"caption-attachment-2214\" class=\"wp-caption-text\"><em>Affischer f\u00f6r Judiska Teatern<\/em><\/figcaption><\/figure>\n<p><a href=\"https:\/\/media.notabene.se\/2018\/09\/jt4.jpg\"><img loading=\"lazy\" decoding=\"async\" class=\"size-medium wp-image-2215 aligncenter\" src=\"https:\/\/media.notabene.se\/2018\/09\/jt4-255x300.jpg\" alt=\"\" width=\"255\" height=\"300\" srcset=\"https:\/\/media.notabene.se\/2018\/09\/jt4-255x300.jpg 255w, https:\/\/media.notabene.se\/2018\/09\/jt4-768x904.jpg 768w, https:\/\/media.notabene.se\/2018\/09\/jt4.jpg 850w\" sizes=\"(max-width: 255px) 100vw, 255px\" \/><\/a><\/p>\n<p><a href=\"https:\/\/media.notabene.se\/2018\/09\/jt3.tif\"><img loading=\"lazy\" decoding=\"async\" class=\"alignright size-medium wp-image-2212\" src=\"https:\/\/media.notabene.se\/2018\/09\/jt3.tif\" alt=\"\" width=\"1\" height=\"1\" \/><\/a><\/p>\n<p>Det var deras intressen som var hans fokus.<\/p>\n<p>2009 bel\u00f6nades Anders Wester med Platina\u00e4gget och valdes in i Platinaakademien. D\u00e4r var han ocks\u00e5 en av de, alltf\u00f6r f\u00e5, som orkade anstr\u00e4nga sig f\u00f6r akademiens uppgift att \u201dinspirera och fr\u00e4mja kvaliteten inom svensk reklam, formgivning och kommunikation\u201d.<\/p>\n<p>Precis som han v\u00e4ssats och utvecklats tillsammans med n\u00e5gra av de st\u00f6rsta, blev han sj\u00e4lv en mentor och l\u00e4rom\u00e4stare f\u00f6r flera av v\u00e5ra mest beg\u00e5vade kreat\u00f6rer i generationen efter honom. De vittnar g\u00e4rna om hans betydelse f\u00f6r deras utveckling. \u00a0Han delade med sig, med gl\u00e4dje och gl\u00f6d men var samtidigt sj\u00e4lv nyfiken, vetgirig och \u00f6dmjuk. F\u00f6r han visste att han alltid kunde utvecklas, bli b\u00e4ttre, l\u00e4ra sig mer. Och g\u00f6ra b\u00e4ttre jobb.<\/p>\n<p>Tyv\u00e4rr finns det alldeles f\u00f6r f\u00e5 av hans sort.<\/p>\n<div class=\"jetpack-video-wrapper\"><span class=\"embed-youtube\" style=\"text-align:center; display: block;\"><iframe loading=\"lazy\" class=\"youtube-player\" width=\"640\" height=\"360\" src=\"https:\/\/www.youtube.com\/embed\/2biB4VGO29M?version=3&#038;rel=1&#038;showsearch=0&#038;showinfo=1&#038;iv_load_policy=1&#038;fs=1&#038;hl=en-US&#038;autohide=2&#038;wmode=transparent\" allowfullscreen=\"true\" style=\"border:0;\" sandbox=\"allow-scripts allow-same-origin allow-popups allow-presentation allow-popups-to-escape-sandbox\"><\/iframe><\/span><\/div>\n<p><em><span class=\"\">Till Jarla Partilagers\u00a0utst\u00e4llning\u00a0<\/span>Where Are We Now?\u00a0Works by Baertling, Balka, Becher, Coplans, Genzken och West<span class=\"\">,\u00a0gjorde Fredrik Axel och Anders Wester en omfattande tv\u00e5delad katalog. Bilderna\u00a0fr\u00e5n utst\u00e4llningen\u00a0m\u00e5dde b\u00e4st av ett st\u00f6rre format och en ess\u00e4 av Prof. Dr Isabelle Graw gjorde sin r\u00e4tt b\u00e4st i ett mindre format. D\u00e4rf\u00f6r kombinerades tv\u00e5 b\u00f6cker i en och s\u00e4nkte ned ess\u00e4n i omslaget p\u00e5 utst\u00e4llningskatalogen.<\/span><\/em><\/p>\n<a href=\"http:\/\/twitter.com\/share\" class=\"twitter-share-button\" data-url=\"https:\/\/blogg.notabene.se\/?p=2195\" data-text=\"Anders Wester s\u00f6kte aldrig rampljuset\" data-count=\"horizontal\">Tweet<\/a>","protected":false},"excerpt":{"rendered":"<p>\u00c4nnu en av v\u00e5ra fr\u00e4msta kreat\u00f6rer har l\u00e4mnat oss. Anders Wester var 63 \u00e5r, n\u00e4r han nyligen gick bort efter en l\u00e4ngre tids sjukdom. Men han var med l\u00e4nge och har \u00e5stadkommit mer \u00e4n m\u00e5nga hinner under en betydligt l\u00e4ngre karri\u00e4r. Han drevs av en brinnande passion och total h\u00e4ngivenhet f\u00f6r uppdraget och reklamens uppgift. [&hellip;]<\/p>\n","protected":false},"author":1,"featured_media":0,"comment_status":"open","ping_status":"open","sticky":false,"template":"","format":"standard","meta":{"jetpack_post_was_ever_published":false,"_jetpack_newsletter_access":"","_jetpack_dont_email_post_to_subs":false,"_jetpack_newsletter_tier_id":0,"_jetpack_memberships_contains_paywalled_content":false,"_jetpack_memberships_contains_paid_content":false,"footnotes":"","jetpack_publicize_message":"","jetpack_publicize_feature_enabled":true,"jetpack_social_post_already_shared":true,"jetpack_social_options":{"image_generator_settings":{"template":"highway","enabled":false}}},"categories":[38,68,97],"tags":[63,80],"jetpack_publicize_connections":[],"jetpack_featured_media_url":"","jetpack_shortlink":"https:\/\/wp.me\/p1k0bi-zp","jetpack_sharing_enabled":true,"jetpack_likes_enabled":true,"_links":{"self":[{"href":"https:\/\/blogg.notabene.se\/index.php?rest_route=\/wp\/v2\/posts\/2195"}],"collection":[{"href":"https:\/\/blogg.notabene.se\/index.php?rest_route=\/wp\/v2\/posts"}],"about":[{"href":"https:\/\/blogg.notabene.se\/index.php?rest_route=\/wp\/v2\/types\/post"}],"author":[{"embeddable":true,"href":"https:\/\/blogg.notabene.se\/index.php?rest_route=\/wp\/v2\/users\/1"}],"replies":[{"embeddable":true,"href":"https:\/\/blogg.notabene.se\/index.php?rest_route=%2Fwp%2Fv2%2Fcomments&post=2195"}],"version-history":[{"count":24,"href":"https:\/\/blogg.notabene.se\/index.php?rest_route=\/wp\/v2\/posts\/2195\/revisions"}],"predecessor-version":[{"id":2241,"href":"https:\/\/blogg.notabene.se\/index.php?rest_route=\/wp\/v2\/posts\/2195\/revisions\/2241"}],"wp:attachment":[{"href":"https:\/\/blogg.notabene.se\/index.php?rest_route=%2Fwp%2Fv2%2Fmedia&parent=2195"}],"wp:term":[{"taxonomy":"category","embeddable":true,"href":"https:\/\/blogg.notabene.se\/index.php?rest_route=%2Fwp%2Fv2%2Fcategories&post=2195"},{"taxonomy":"post_tag","embeddable":true,"href":"https:\/\/blogg.notabene.se\/index.php?rest_route=%2Fwp%2Fv2%2Ftags&post=2195"}],"curies":[{"name":"wp","href":"https:\/\/api.w.org\/{rel}","templated":true}]}}