{"id":2327,"date":"2019-03-08T15:04:23","date_gmt":"2019-03-08T14:04:23","guid":{"rendered":"http:\/\/blogg.notabene.se\/?p=2327"},"modified":"2019-03-08T15:51:24","modified_gmt":"2019-03-08T14:51:24","slug":"sjalv-tycker-jag-mest-illa-om-dumhet","status":"publish","type":"post","link":"https:\/\/blogg.notabene.se\/?p=2327","title":{"rendered":"Sj\u00e4lv tycker jag mest illa om dumhet"},"content":{"rendered":"\n<p>Tv\u00e5 kvinnor startar pr-byr\u00e5 p\u00e5 Internationella Kvinnodagen skriver Resum\u00e9. I sin egen pr f\u00f6r byr\u00e5-starten fokuserar de p\u00e5 att de hatar m\u00e4n.<\/p>\n\n\n\n<p>De b\u00e5da \u00e4r s\u00e4kert b\u00e5de beg\u00e5vade och ambiti\u00f6sa (uppenbarligen). Men nog \u00e4r det lite synd att den enda usp de kan presentera i sin lanseringskampanj \u00e4r att de hatar m\u00e4n.&nbsp;<\/p>\n\n\n\n<p>Jag k\u00e4nner inte de b\u00e5da tjejerna, men har f\u00f6rst\u00e5s h\u00f6rt talas om en del av den pr som gjorts av den byr\u00e5 d\u00e4r den ena av dem tidigare jobbat.<\/p>\n\n\n\n<p>Visst f\u00f6rst\u00e5r jag att de har t\u00e4nkt sig att det ska ge uppm\u00e4rksamhet, klick och kommentarer.<\/p>\n\n\n\n<p>Men i mina \u00f6gon blir det ett dumt och ogenomt\u00e4nkt pr-stunt.<\/p>\n\n\n\n<p>Det \u00e4r en vansklig grund att bygga en verksamhet p\u00e5.&nbsp;<\/p>\n\n\n\n<p>Vilka f\u00f6retag ska de samarbeta med? Inget med m\u00e4n i n\u00e5gra avg\u00f6rande positioner kan v\u00e4l passera n\u00e5ls\u00f6gat?<\/p>\n\n\n\n<p>Och hur resonerar de om f\u00f6retaget har b\u00e5de m\u00e4n och kvinnor bland sina kunder?<\/p>\n\n\n\n<p>Hat \u00e4r en s\u00e5 destruktiv kraft. Jag k\u00e4nner rysningar n\u00e4r jag h\u00f6r en idrottspublik skalla \u201dhata, hata, hata AIK\u201d &#8211; eller vilket lag just de hatar. \u00c4r de inte p\u00e5 arenan f\u00f6r att de \u00e4lskar sitt lag?<\/p>\n\n\n\n<p>Ja, jag vet. Det \u00e4r s\u00e4kert naivt att resonera s\u00e5.&nbsp;<\/p>\n\n\n\n<p>Hat \u00e4r ju s\u00e5 g\u00e5ngbart idag. Hat och splittring. Den som s\u00e5r tillr\u00e4ckligt mycket hat och splittring kan bli president i USA.&nbsp;<\/p>\n\n\n\n<p>Sorgligt att l\u00e5ta sig inspireras av det.<\/p>\n\n\n\n<p>Sj\u00e4lv tycker jag det finns skitst\u00f6vlar av alla k\u00f6n, religioner, nationaliteter och \u00e5ldrar. Men de flesta m\u00e4nniskor \u00e4r \u00e4nd\u00e5 r\u00e4tt hyggliga. Att g\u00e5 omkring och hata de d\u00e4r skitst\u00f6vlarna kostar bara on\u00f6dig energi.<\/p>\n\n\n\n<p>Med det sagt m\u00e5ste man f\u00f6rst\u00e5s konstatera att det fortfarande finns bedr\u00f6vligt mycket kvar att g\u00f6ra innan samh\u00e4lle och arbetsliv \u00e4r j\u00e4mst\u00e4llt. Det g\u00e4ller i alla branscher, p\u00e5 alla positioner, i alla samh\u00e4llsfunktioner. Det \u00e4r djupt olyckligt och ett stort hinder f\u00f6r utveckling p\u00e5 alla plan.<\/p>\n\n\n\n<p>Men allt fler b\u00f6rjar \u00e4nd\u00e5 f\u00f6rst\u00e5 detta. Det g\u00e5r l\u00e5ngsamt fram\u00e5t, javisst. Alldeles f\u00f6rf\u00e4rligt l\u00e5ngsamt. Vi m\u00e5ste l\u00e4gga ner mer, och gemensam, kraft p\u00e5 att \u00f6ka takten.<\/p>\n\n\n\n<p>Men hat kommer inte att skynda p\u00e5 utvecklingen.<\/p>\n\n\n\n<p><br \/><\/p>\n<a href=\"http:\/\/twitter.com\/share\" class=\"twitter-share-button\" data-url=\"https:\/\/blogg.notabene.se\/?p=2327\" data-text=\"Sj\u00e4lv tycker jag mest illa om dumhet\" data-count=\"horizontal\">Tweet<\/a>","protected":false},"excerpt":{"rendered":"<p>Tv\u00e5 kvinnor startar pr-byr\u00e5 p\u00e5 Internationella Kvinnodagen skriver Resum\u00e9. I sin egen pr f\u00f6r byr\u00e5-starten fokuserar de p\u00e5 att de hatar m\u00e4n. De b\u00e5da \u00e4r s\u00e4kert b\u00e5de beg\u00e5vade och ambiti\u00f6sa (uppenbarligen). Men nog \u00e4r det lite synd att den enda usp de kan presentera i sin lanseringskampanj \u00e4r att de hatar m\u00e4n.&nbsp; Jag k\u00e4nner inte [&hellip;]<\/p>\n","protected":false},"author":1,"featured_media":0,"comment_status":"open","ping_status":"open","sticky":false,"template":"","format":"standard","meta":{"jetpack_post_was_ever_published":false,"_jetpack_newsletter_access":"","_jetpack_dont_email_post_to_subs":false,"_jetpack_newsletter_tier_id":0,"_jetpack_memberships_contains_paywalled_content":false,"_jetpack_memberships_contains_paid_content":false,"footnotes":"","jetpack_publicize_message":"","jetpack_publicize_feature_enabled":true,"jetpack_social_post_already_shared":true,"jetpack_social_options":{"image_generator_settings":{"template":"highway","enabled":false}}},"categories":[98,70],"tags":[],"jetpack_publicize_connections":[],"jetpack_featured_media_url":"","jetpack_shortlink":"https:\/\/wp.me\/p1k0bi-Bx","jetpack_sharing_enabled":true,"jetpack_likes_enabled":true,"_links":{"self":[{"href":"https:\/\/blogg.notabene.se\/index.php?rest_route=\/wp\/v2\/posts\/2327"}],"collection":[{"href":"https:\/\/blogg.notabene.se\/index.php?rest_route=\/wp\/v2\/posts"}],"about":[{"href":"https:\/\/blogg.notabene.se\/index.php?rest_route=\/wp\/v2\/types\/post"}],"author":[{"embeddable":true,"href":"https:\/\/blogg.notabene.se\/index.php?rest_route=\/wp\/v2\/users\/1"}],"replies":[{"embeddable":true,"href":"https:\/\/blogg.notabene.se\/index.php?rest_route=%2Fwp%2Fv2%2Fcomments&post=2327"}],"version-history":[{"count":2,"href":"https:\/\/blogg.notabene.se\/index.php?rest_route=\/wp\/v2\/posts\/2327\/revisions"}],"predecessor-version":[{"id":2329,"href":"https:\/\/blogg.notabene.se\/index.php?rest_route=\/wp\/v2\/posts\/2327\/revisions\/2329"}],"wp:attachment":[{"href":"https:\/\/blogg.notabene.se\/index.php?rest_route=%2Fwp%2Fv2%2Fmedia&parent=2327"}],"wp:term":[{"taxonomy":"category","embeddable":true,"href":"https:\/\/blogg.notabene.se\/index.php?rest_route=%2Fwp%2Fv2%2Fcategories&post=2327"},{"taxonomy":"post_tag","embeddable":true,"href":"https:\/\/blogg.notabene.se\/index.php?rest_route=%2Fwp%2Fv2%2Ftags&post=2327"}],"curies":[{"name":"wp","href":"https:\/\/api.w.org\/{rel}","templated":true}]}}