{"id":2575,"date":"2019-08-23T16:21:22","date_gmt":"2019-08-23T15:21:22","guid":{"rendered":"http:\/\/blogg.notabene.se\/?p=2575"},"modified":"2019-10-23T21:58:06","modified_gmt":"2019-10-23T20:58:06","slug":"utan-overblick-ingen-langsiktighet","status":"publish","type":"post","link":"https:\/\/blogg.notabene.se\/?p=2575","title":{"rendered":"Utan \u00f6verblick, ingen l\u00e5ngsiktighet"},"content":{"rendered":"\n<p>Ig\u00e5r skrev jag ett inl\u00e4gg om IPA:s och Peter Fields Larmrapport \u201dThe cirisis in creative effectiveness\u201d. D\u00e4r tar han bland annat upp hur \u00f6kad kortsiktighet bidragit till att reklam inte l\u00e4ngre kan g\u00f6ra sitt jobb f\u00f6r att bygga starka, framg\u00e5ngsrika och l\u00f6nsamma varum\u00e4rken.&nbsp;<\/p>\n\n\n\n<p>Det finns f\u00f6rst\u00e5s flera sk\u00e4l till denna negativa utveckling och hit h\u00f6r ocks\u00e5 hur marknadsavdelningarnas organisation har f\u00f6r\u00e4ndrats under senare \u00e5r.<\/p>\n\n\n\n<p>Vid ett antal tillf\u00e4llen under de senaste \u00e5ren har jag lyssnat p\u00e5 processkonsulterna&nbsp;<strong>Kaj Johansson<\/strong> och&nbsp;<strong>Peter Lundberg&nbsp;<\/strong>p\u00e5 Kapero (som arbetar med fr\u00e4mst kreativa verksamheter och deras utveckling) n\u00e4r de talat om marknadsorganisationernas utveckling. Jag har \u00e4ven haft tillf\u00e4lle att intervjua dem n\u00e4rmare om dessa fr\u00e5gor n\u00e5gra g\u00e5nger.<\/p>\n\n\n\n<p>De har beskrivit hur marknadsavdelningarna p\u00e5 40 \u00e5r har f\u00f6r\u00e4ndrats fr\u00e5n att vara en tydlig, \u00f6verblickbar organisation med ett f\u00e5tal ansvarsomr\u00e5den till en ren r\u00f6ra av specialistomr\u00e5den och g\u00f6dselstackar som har sina egna tuppar.<\/p>\n\n\n\n<p>Tidigare kunde det handla om exempelvis en marknadschef och ett par produktchefer. Kanske en reklamchef ocks\u00e5 ibland, f\u00f6r det som var \u201dbelow the line\u201d f\u00f6r det mesta. N\u00e5gon eller n\u00e5gra assistenter. Och en halvtaskig konkurrens med s\u00e4ljavdelningen om verklighetsbeskrivningen och budgeten.<\/p>\n\n\n\n<p>P\u00e5 h\u00f6stens s\u00e4ljkonferens la man fast en f\u00f6rs\u00e4ljningsplan f\u00f6r kommande \u00e5ret och marknadsavdelningen spikade marknads- och medieplanen ett \u00e5r fram\u00e5t och reklambyr\u00e5n fick uppdrag att g\u00f6ra kampanjer f\u00f6r de argument man ville f\u00f6rmedla.<\/p>\n\n\n\n<p>Men, med tiden har verksamheterna blivit alltmer uppsplittrade. P\u00e5 dagens marknadsavdelning \u00e4r rollerna m\u00e5nga fler och nya specialistroller skapar \u00e4nnu fler steg i processerna. M\u00e5nga f\u00f6retag har organiserat sig efter kanaler med vattent\u00e4ta skott emellan. Det kan handla om crm, sociala medier, varum\u00e4rke, content med mera. Alla har sina egna budgetar, sina egna strategier och sina egna leverant\u00f6rer. Och sina egna KPI:er, som dessutom ofta krockar med varandra.&nbsp;<\/p>\n\n\n\n<p>Det \u00e4r inte unikt att en marknadsavdelning har 50 medarbetare som representerar 30 olika&nbsp;ansvarsomr\u00e5den, har Peter Lundberg och Kaj Johansson beskrivit f\u00f6r mig. Det finns en hel del, rent h\u00e4pnadsv\u00e4ckande exempel p\u00e5 vad det inneb\u00e4r och kan ge f\u00f6r effekter. Ibland skulle det kunna vara n\u00e4stan roande, om det inte var s\u00e5 sorgligt.<\/p>\n\n\n\n<figure class=\"wp-block-image\"><img loading=\"lazy\" decoding=\"async\" width=\"704\" height=\"1024\" src=\"https:\/\/media.notabene.se\/2019\/10\/Marknadsavdelningens-utveckling-704x1024.jpg\" alt=\"\" class=\"wp-image-2586\" srcset=\"https:\/\/media.notabene.se\/2019\/10\/Marknadsavdelningens-utveckling-704x1024.jpg 704w, https:\/\/media.notabene.se\/2019\/10\/Marknadsavdelningens-utveckling-206x300.jpg 206w, https:\/\/media.notabene.se\/2019\/10\/Marknadsavdelningens-utveckling-768x1118.jpg 768w, https:\/\/media.notabene.se\/2019\/10\/Marknadsavdelningens-utveckling.jpg 1867w\" sizes=\"(max-width: 704px) 100vw, 704px\" \/><figcaption>Kaperos bild \u00f6ver marknadsavdelningens utveckling visar onekligen tydligt hur otroligt sv\u00e5rt det m\u00e5ste vara idag att f\u00e5 jobbet att fungera. (Copyright Kapero)<\/figcaption><\/figure>\n\n\n\n<p>Idag \u00e4r mindre \u00e4n femprocent av marknadsavdelningens jobb \u00e4r kreativt, eller r\u00f6r kreativitet. Resten \u00e4r ren administration, ber\u00e4ttade de p\u00e5 seminariet Bang for the Buck f\u00f6r ett par \u00e5r sedan.<\/p>\n\n\n\n<p>De beskrev d\u00e5 att n\u00e4r de fr\u00e5gat marknads-, f\u00f6rs\u00e4ljnings och verkst\u00e4llande direkt\u00f6rer, om de tycker att de f\u00e5r ut tillr\u00e4ckligt mycket av sina marknadsinvesteringar, s\u00e5 var det bara h\u00e4lften som tyckte att de fick det.<\/p>\n\n\n\n<p><strong>H\u00e4lften tyckte helt enkelt att mycket av pengarna var bortkastade.&nbsp;<\/strong><\/p>\n\n\n\n<p>N\u00e4r Peter Lundberg och Kaj Johansson talade p\u00e5 Resum\u00e9s seminarium \u201dFramtidens Marknadsavdelning\u201d i v\u00e5ras, beskrev de hur h\u00e4lften av marknadsavdelningarnas jobb g\u00e5r \u00e5t till saker som inte skapar n\u00e5got v\u00e4rde \u00f6ver huvud taget. De \u00e4r splittrade och \u00e4gnar sig \u00e5t en m\u00e4ngd saker som inte \u00e4r v\u00e4rdeskapande. Och deras byr\u00e5er, ja de f\u00e5r \u00e4gna halva tiden av sitt samarbete med f\u00f6retagen till att s\u00e4lja in de jobb de gjort. Det var den slutsats man kunde dra av detta.<\/p>\n\n\n\n<p>Det finns inga tydliga m\u00e5l och h\u00f6gst bristf\u00e4llig uppf\u00f6ljning. F\u00f6r om man inte vet vad man ska g\u00f6ra eller varf\u00f6r det ska g\u00f6ras, s\u00e5 skapas m\u00e5nga problem. \u00c4n v\u00e4rre blir det om man sedan inte heller f\u00f6ljer upp och vet vad man \u00e5stadkommit.<\/p>\n\n\n\n<p>Men det \u00e4r f\u00f6rst\u00e5s om\u00f6jligt att m\u00e4ta utfall, om man inte i f\u00f6rv\u00e4g har formulerat en m\u00e5ls\u00e4ttning. D\u00e5 \u00e4r det ju ocks\u00e5 sv\u00e5rt att veta vad som egentligen g\u00f6r skillnad.&nbsp;<\/p>\n\n\n\n<p><strong>Det st\u00f6rsta problemet m\u00e5ste vara bristen p\u00e5 helhetssyn \u2013 eller r\u00e4ttare sagt: bristen p\u00e5 varum\u00e4rkesfokus.&nbsp;<\/strong><\/p>\n\n\n\n<p>Om varum\u00e4rket st\u00e5r i fokus, s\u00e5 kan man inte splittra verksamheten. Man kan inte jobba i silos, som inte vet vad som p\u00e5g\u00e5r i rummet bredvid.&nbsp;<\/p>\n\n\n\n<p>Det \u00e4r kanske m\u00f6jligt att det kan beh\u00f6vas 50 personer med 30 olika ansvaromr\u00e5den p\u00e5 n\u00e5gon marknadsavdelning.&nbsp;<\/p>\n\n\n\n<p>Men, det som verkligen beh\u00f6vs \u00e4r n\u00e5gon eller n\u00e5gra f\u00e5 som har det \u00f6vergripande varum\u00e4rkesansvaret.<\/p>\n\n\n\n<p>Det h\u00e4r \u00e4r f\u00f6rst\u00e5s en ledningsfr\u00e5ga. En angel\u00e4genhet f\u00f6r styrelsen och f\u00f6retagsledningen.<\/p>\n\n\n\n<p>Grunden f\u00f6r utveckling och l\u00f6nsamhet i f\u00f6retagen \u00e4r fortfarande varum\u00e4rket.&nbsp;<\/p>\n\n\n\n<p>(I mitt f\u00f6rra inl\u00e4gg n\u00e4mnde jag Brand Orientation Index. <a href=\"https:\/\/blogg.notabene.se\/?p=2573\" target=\"_blank\" rel=\"noreferrer noopener\" aria-label=\"L\u00e4s g\u00e4rna mer om det h\u00e4r (opens in a new tab)\">L\u00e4s g\u00e4rna mer om det h\u00e4r<\/a>.)<\/p>\n\n\n\n<p>Det borde sj\u00e4lvklart vara en central uppgift i styrelsens arbete. Styrelsen ska besluta om ramarna f\u00f6r varum\u00e4rkesarbetet. Den skall sl\u00e5 fast den varum\u00e4rkesplattform, som sedan ska ligga som grund f\u00f6r f\u00f6retagets vidare arbete.&nbsp;<\/p>\n\n\n\n<p>Vd-instruktionen ska vara glasklar och ge vd det operativa ansvaret f\u00f6r att hela f\u00f6retaget f\u00f6rst\u00e5r och arbetar i enlighet med denna varum\u00e4rkesplattform och lever efter de k\u00e4rnv\u00e4rden som g\u00e4ller.&nbsp;Marknads- och informationscheferna har sedan att r\u00e4tta sig efter detta och se till att det kommuniceras p\u00e5 b\u00e4sta s\u00e4tt.&nbsp;<\/p>\n\n\n\n<p>Och det inneb\u00e4r ungef\u00e4r den kombination av varum\u00e4rkesbyggande l\u00e5ngsiktig kommunikation och kortsiktig aktiverande \u00e5tg\u00e4rder, p\u00e5 det s\u00e4tt som Peter Field och Les Binet har rekommenderat i flera \u00e5r.&nbsp;<\/p>\n<a href=\"http:\/\/twitter.com\/share\" class=\"twitter-share-button\" data-url=\"https:\/\/blogg.notabene.se\/?p=2575\" data-text=\"Utan \u00f6verblick, ingen l\u00e5ngsiktighet\" data-count=\"horizontal\">Tweet<\/a>","protected":false},"excerpt":{"rendered":"<p>Ig\u00e5r skrev jag ett inl\u00e4gg om IPA:s och Peter Fields Larmrapport \u201dThe cirisis in creative effectiveness\u201d. D\u00e4r tar han bland annat upp hur \u00f6kad kortsiktighet bidragit till att reklam inte l\u00e4ngre kan g\u00f6ra sitt jobb f\u00f6r att bygga starka, framg\u00e5ngsrika och l\u00f6nsamma varum\u00e4rken.&nbsp; Det finns f\u00f6rst\u00e5s flera sk\u00e4l till denna negativa utveckling och hit h\u00f6r [&hellip;]<\/p>\n","protected":false},"author":1,"featured_media":0,"comment_status":"open","ping_status":"open","sticky":false,"template":"","format":"standard","meta":{"jetpack_post_was_ever_published":false,"_jetpack_newsletter_access":"","_jetpack_dont_email_post_to_subs":false,"_jetpack_newsletter_tier_id":0,"_jetpack_memberships_contains_paywalled_content":false,"_jetpack_memberships_contains_paid_content":false,"footnotes":"","jetpack_publicize_message":"","jetpack_publicize_feature_enabled":true,"jetpack_social_post_already_shared":true,"jetpack_social_options":{"image_generator_settings":{"template":"highway","enabled":false}}},"categories":[3],"tags":[],"jetpack_publicize_connections":[],"jetpack_featured_media_url":"","jetpack_shortlink":"https:\/\/wp.me\/p1k0bi-Fx","jetpack_sharing_enabled":true,"jetpack_likes_enabled":true,"_links":{"self":[{"href":"https:\/\/blogg.notabene.se\/index.php?rest_route=\/wp\/v2\/posts\/2575"}],"collection":[{"href":"https:\/\/blogg.notabene.se\/index.php?rest_route=\/wp\/v2\/posts"}],"about":[{"href":"https:\/\/blogg.notabene.se\/index.php?rest_route=\/wp\/v2\/types\/post"}],"author":[{"embeddable":true,"href":"https:\/\/blogg.notabene.se\/index.php?rest_route=\/wp\/v2\/users\/1"}],"replies":[{"embeddable":true,"href":"https:\/\/blogg.notabene.se\/index.php?rest_route=%2Fwp%2Fv2%2Fcomments&post=2575"}],"version-history":[{"count":4,"href":"https:\/\/blogg.notabene.se\/index.php?rest_route=\/wp\/v2\/posts\/2575\/revisions"}],"predecessor-version":[{"id":2588,"href":"https:\/\/blogg.notabene.se\/index.php?rest_route=\/wp\/v2\/posts\/2575\/revisions\/2588"}],"wp:attachment":[{"href":"https:\/\/blogg.notabene.se\/index.php?rest_route=%2Fwp%2Fv2%2Fmedia&parent=2575"}],"wp:term":[{"taxonomy":"category","embeddable":true,"href":"https:\/\/blogg.notabene.se\/index.php?rest_route=%2Fwp%2Fv2%2Fcategories&post=2575"},{"taxonomy":"post_tag","embeddable":true,"href":"https:\/\/blogg.notabene.se\/index.php?rest_route=%2Fwp%2Fv2%2Ftags&post=2575"}],"curies":[{"name":"wp","href":"https:\/\/api.w.org\/{rel}","templated":true}]}}