{"id":2667,"date":"2020-08-18T10:27:00","date_gmt":"2020-08-18T09:27:00","guid":{"rendered":"http:\/\/blogg.notabene.se\/?p=2667"},"modified":"2020-08-20T09:07:20","modified_gmt":"2020-08-20T08:07:20","slug":"en-av-komms-arkitekter-har-lamnat-oss","status":"publish","type":"post","link":"https:\/\/blogg.notabene.se\/?p=2667","title":{"rendered":"En av Komms arkitekter har l\u00e4mnat oss"},"content":{"rendered":"\n<p>\u00c4nnu en minnesv\u00e4rd person som gjort viktiga insatser i reklambranschen l\u00e4mnade oss under sommaren. Det \u00e4r <strong>Tom Zimmerman<\/strong>, som var byr\u00e5- och projektledare p\u00e5 MK Marknadskommunikation, en byr\u00e5 han startade tillsammans med sina tre kompanjoner 1968. En v\u00e4lrenommerad byr\u00e5, som bland annat under 20 \u00e5rs samarbete med Pripps Bl\u00e5 permanentade det maritima temat (innan Pripps med Brindfors hj\u00e4lp satte musik till det).<\/p>\n\n\n\n<p>Tom Zimmerman var ingen reklamestrad\u00f6r, som stod mitt str\u00e5lkastarljuset\noch gl\u00e4nste. Jag tror han var r\u00e4tt n\u00f6jd med att slippa det.<\/p>\n\n\n\n<p>Han var strateg och gjorde viktiga och best\u00e5ende insatser i branschen och jag tycker det finns all anledning att p\u00e5minna om dem. <\/p>\n\n\n\n<p>De viktigaste gjorde han som ordf\u00f6rande f\u00f6r Sveriges Reklambyr\u00e5f\u00f6rbund i mitten av 80-talet.<\/p>\n\n\n\n<p>D\u00e5 bidrog han till att l\u00e4gga grunden f\u00f6r det som idag \u00e4r en av v\u00e4rldens fr\u00e4msta reklamutbildningar &#8211; Berghs School of Communications. D\u00e5, i b\u00f6rjan\/mitten av 80-talet, drevs verksamheten i TBV:s regi. Skolan, som ursprungligen startats 1941 av av <strong>G\u00f6sta<\/strong> och <strong>Irma Bergh<\/strong> som Reklamtekniska skolan erbj\u00f6d kurser i exempelvis illustration och annonsteckning. TVB, som sedan tidigare drev Reklam och Marknadsinstitutet (RMI) k\u00f6pte Berghs av grundarna och slog ihop de b\u00e5da utbildningarna till RMI-Berghs. En sammanslagning som inte fungerade helt perfekt (milt sagt). En svag konjunktur och allm\u00e4n aversion mot reklam, gjorde inte saken b\u00e4ttre. TVB best\u00e4mde sig f\u00f6r att l\u00e4gga ner RMI-Berghs. L\u00e4rare och elever v\u00e4nde sig till Reklambyr\u00e5f\u00f6rbundet som ins\u00e5g behovet av en bra reklamutbildning och tog \u00f6ver skolan 1983, ombildade den till aktiebolag och tillsatte <strong>Tore Norinder<\/strong> som vd och rektor.  Sen dess ha skolan stadigt utvecklats och ing\u00e5r numera i Intendia Group).<\/p>\n\n\n\n<p>I b\u00f6rjan av 80-talet fanns ocks\u00e5 tv\u00e5 branschf\u00f6rbund.<\/p>\n\n\n\n<p>Det var ABCD, f\u00f6rbundet f\u00f6r Art, Bild, Copy och Design,\nsom organiserade individerna. Kreat\u00f6rerna, stj\u00e4rnorna, f\u00f6rebilderna, genierna\noch prinsessorna p\u00e5 \u00e4rten. De arrangerade Guld\u00e4ggst\u00e4vlingen, men leddes av\nbetydligt mer l\u00f6st sammansatt och ideellt arbetande styrelse \u00e4n byr\u00e5f\u00f6rbundet.<\/p>\n\n\n\n<p>Sveriges Reklambyr\u00e5f\u00f6rbund, en r\u00e4tt mossig organisation\nav det slag som det fanns en hel del i b\u00f6rjan och mitten av 1900-talet. De\norganiserade f\u00f6retagen i branschen och drev tidningen Resum\u00e9, som var den fr\u00e4msta\ninkomstk\u00e4llan (en guldkalv av Guds n\u00e5de, n\u00e4r annons\u00f6rerna stod i k\u00f6).<\/p>\n\n\n\n<p>N\u00e4r Tom Zimmerman tagit \u00f6ver ordf\u00f6randeskapet i f\u00f6rbundet s\u00e5g han b\u00e5de bristerna och t\u00e4nkbara m\u00f6jligheter och n\u00e4rmade sig <strong>Bengt Hanser<\/strong> som var ordf\u00f6rande f\u00f6r ABCD.<\/p>\n\n\n\n<p>De lyckades med gemensamma krafter gifta ihop sina\norganisationer. Icke utan inv\u00e4ndningar f\u00f6rst\u00e5s (framf\u00f6r allt fr\u00e5n skeptiska\nkreat\u00f6rer i ABCD), men slutligen kunde stora delar av de b\u00e5das medlemmar samlas\np\u00e5 Berns i Stockholm, 1986, f\u00f6r att ta beslutet.<\/p>\n\n\n\n<p>Man bildade Sveriges Reklamf\u00f6rbund och med den skapades\nen tydligare, enhetlig representant f\u00f6r branschen samt en starkare organisation\nf\u00f6r bland annat utbildning, utveckling och driften av Guld\u00e4gget. Plus inte\nminst en samlad r\u00f6st f\u00f6r att driva opinion om reklamens roll. Vilket bland\nannat manifesterades av Bengt Hanser-stipendiet.<\/p>\n\n\n\n<p>I det nybildade f\u00f6rbundet blev <strong>Lars Falk<\/strong> ordf\u00f6rande och Bengt Hanser vd. En viktig signal till de kreat\u00f6rer som varit negativa till sammanslagningen och en markering av kreativitetens centrala betydelse f\u00f6r reklamens utveckling.<\/p>\n\n\n\n<p>Tom Zimmerman l\u00e4mnade f\u00f6rbundsledningen och \u00e4gnade sig \u00e5t\nsin byr\u00e5. Ett antal \u00e5r senare fick han handgripligen erfarenhet av baksidorna\nmed internationella samarbeten. Byr\u00e5n hade blivit svensk Eurocom-byr\u00e5. Men n\u00e4r\nEuorcom gick samman med RSCG och blev Euro RSCG, beordrade de internationella\nhuvudm\u00e4nnen en hopslagning av MK och H\u00e5wi\/RSCG. En sammanslagning som f\u00f6rs\u00f6kte\nj\u00e4mka ihop tv\u00e5 helt skilda kulturer, men inte lyckades.<\/p>\n\n\n\n<p>De tidigare del\u00e4garna i MK startade om p\u00e5 nytt, men Tom Zimmerman k\u00e4nde snart att han ville g\u00f6ra n\u00e5got annat \u00e4n att driva byr\u00e5. Han \u00f6vergick till att jobba i egen regi som strateg. Men han hade en del fortsatt samarbete med Bengt Hanser liksom med <strong>Nils Welinder<\/strong> (som ocks\u00e5 funnits med i ledningen av Reklamf\u00f6rbundet). De agerade ibland som varandras bollplank och extra resurser under paraplyet \u201dReklamstrategerna\u201d. <\/p>\n\n\n\n<p>I mitten av juli somnade Tom Zimmerman in. Men hans insatser f\u00f6r att utveckla branschen genom bra utbildning och ett tydligt branschf\u00f6rbund lever vidare. <\/p>\n<a href=\"http:\/\/twitter.com\/share\" class=\"twitter-share-button\" data-url=\"https:\/\/blogg.notabene.se\/?p=2667\" data-text=\"En av Komms arkitekter har l\u00e4mnat oss\" data-count=\"horizontal\">Tweet<\/a>","protected":false},"excerpt":{"rendered":"<p>\u00c4nnu en minnesv\u00e4rd person som gjort viktiga insatser i reklambranschen l\u00e4mnade oss under sommaren. Det \u00e4r Tom Zimmerman, som var byr\u00e5- och projektledare p\u00e5 MK Marknadskommunikation, en byr\u00e5 han startade tillsammans med sina tre kompanjoner 1968. En v\u00e4lrenommerad byr\u00e5, som bland annat under 20 \u00e5rs samarbete med Pripps Bl\u00e5 permanentade det maritima temat (innan Pripps [&hellip;]<\/p>\n","protected":false},"author":1,"featured_media":0,"comment_status":"open","ping_status":"open","sticky":false,"template":"","format":"standard","meta":{"jetpack_post_was_ever_published":false,"_jetpack_newsletter_access":"","_jetpack_dont_email_post_to_subs":false,"_jetpack_newsletter_tier_id":0,"_jetpack_memberships_contains_paywalled_content":false,"_jetpack_memberships_contains_paid_content":false,"footnotes":"","jetpack_publicize_message":"","jetpack_publicize_feature_enabled":true,"jetpack_social_post_already_shared":true,"jetpack_social_options":{"image_generator_settings":{"template":"highway","enabled":false}}},"categories":[97],"tags":[],"jetpack_publicize_connections":[],"jetpack_featured_media_url":"","jetpack_shortlink":"https:\/\/wp.me\/p1k0bi-H1","jetpack_sharing_enabled":true,"jetpack_likes_enabled":true,"_links":{"self":[{"href":"https:\/\/blogg.notabene.se\/index.php?rest_route=\/wp\/v2\/posts\/2667"}],"collection":[{"href":"https:\/\/blogg.notabene.se\/index.php?rest_route=\/wp\/v2\/posts"}],"about":[{"href":"https:\/\/blogg.notabene.se\/index.php?rest_route=\/wp\/v2\/types\/post"}],"author":[{"embeddable":true,"href":"https:\/\/blogg.notabene.se\/index.php?rest_route=\/wp\/v2\/users\/1"}],"replies":[{"embeddable":true,"href":"https:\/\/blogg.notabene.se\/index.php?rest_route=%2Fwp%2Fv2%2Fcomments&post=2667"}],"version-history":[{"count":3,"href":"https:\/\/blogg.notabene.se\/index.php?rest_route=\/wp\/v2\/posts\/2667\/revisions"}],"predecessor-version":[{"id":2671,"href":"https:\/\/blogg.notabene.se\/index.php?rest_route=\/wp\/v2\/posts\/2667\/revisions\/2671"}],"wp:attachment":[{"href":"https:\/\/blogg.notabene.se\/index.php?rest_route=%2Fwp%2Fv2%2Fmedia&parent=2667"}],"wp:term":[{"taxonomy":"category","embeddable":true,"href":"https:\/\/blogg.notabene.se\/index.php?rest_route=%2Fwp%2Fv2%2Fcategories&post=2667"},{"taxonomy":"post_tag","embeddable":true,"href":"https:\/\/blogg.notabene.se\/index.php?rest_route=%2Fwp%2Fv2%2Ftags&post=2667"}],"curies":[{"name":"wp","href":"https:\/\/api.w.org\/{rel}","templated":true}]}}