{"id":2674,"date":"2020-08-31T14:37:17","date_gmt":"2020-08-31T13:37:17","guid":{"rendered":"http:\/\/blogg.notabene.se\/?p=2674"},"modified":"2020-09-01T07:26:52","modified_gmt":"2020-09-01T06:26:52","slug":"bra-val-komm","status":"publish","type":"post","link":"https:\/\/blogg.notabene.se\/?p=2674","title":{"rendered":"Bra val Komm!"},"content":{"rendered":"\n<p>Jag inbillar mig f\u00f6rst\u00e5s inte att Komm lyssnat p\u00e5 mina r\u00e5d,\nmen det gl\u00e4der mig att de tog det beslut om vd, som jag f\u00f6respr\u00e5kade i min\nblogg i b\u00f6rjan av augusti. <\/p>\n\n\n\n<p><strong>Linda Nilsson<\/strong> \u00e4r inte l\u00e4ngre t.f. vd, utan bara vd. <\/p>\n\n\n\n<p>Ett mycket bra val. Hon har gjort ett utm\u00e4rkt jobb under sin\ntid som t.f. Men jag blir inte f\u00f6rv\u00e5nad om hon g\u00f6r ett \u00e4nnu b\u00e4ttre, utan prefix\np\u00e5 sin titel.<\/p>\n\n\n\n<p>Visst st\u00e5r bokst\u00e4verna t och f f\u00f6r \u201dTillF\u00f6rordnad\u201d, men nog antyder det samtidigt ocks\u00e5 v\u00e4ldigt mycket \u201dTillF\u00e4llig\u201d. Nu \u00e4r den k\u00e4nslan i alla fall borta och f\u00f6ruts\u00e4ttningarna b\u00e4ttre f\u00f6r tydlighet, kontinuitet och l\u00e5ngsiktighet. <\/p>\n\n\n\n<p>Linda k\u00e4nner organisationen, medlemmarna och branschen mycket v\u00e4l. M\u00f6jligheter, behov och problem. Inte minst v\u00e4rdefullt i tider som dessa. Det inneb\u00e4r ocks\u00e5 att Komm kan \u00e4gna sig \u00e5t sin uppgift och v\u00e4xla upp, ist\u00e4llet f\u00f6r att tappa fart i en rekryteringsprocess och i det f\u00f6rsvagade fokus som \u00e4r naturlig under en ink\u00f6rningsperiod med en ny person p\u00e5 jobbet.<\/p>\n\n\n\n<p>Komms ordf\u00f6rande, <strong>Helena Westin<\/strong>, konstaterade i en intervju\ni Resum\u00e9 f\u00f6r en vecka sedan att det finns en hel del fr\u00e5gor d\u00e4r Komm skulle\nkunna ha en h\u00e5rdare r\u00f6st. <\/p>\n\n\n\n<p>Hon n\u00e4mnde exempelvis pitcher, gratisarbete, m\u00e5ngfald, reklam\nsom skadar respekten f\u00f6r branschen, sjunkande annonsint\u00e4kter (som utg\u00f6r ett hot\nmot medierna, &nbsp;journalistiken och i\nf\u00f6rl\u00e4ngningen demokratin) och annons\u00f6rer som bryter mot marknadsr\u00e4tten. <\/p>\n\n\n\n<p>Jag h\u00e5ller med henne och hoppas att Komm nu ska satsa rej\u00e4lt\np\u00e5 opinionsbildning om kommunikationens ansvar och roll. <\/p>\n\n\n\n<p>I samma Resum\u00e9-artikel intervjuades ocks\u00e5 ordf\u00f6randen i\nSveriges Mediebyr\u00e5er, <strong>Daniel Eriksson<\/strong>, eftersom \u00e4ven hans organisation var\nutan vd. <\/p>\n\n\n\n<p>Sveriges Mediebyr\u00e5er har nu ett utm\u00e4rkt tillf\u00e4lle att ta ett\nklokt beslut: l\u00e4gg ner organisationen och rekommendera era medlemmar att g\u00e5 med\ni Komm! <\/p>\n\n\n\n<p>Detsamma kan s\u00e4gas till de andra organisationerna inom\nkommunikationsbranschens olika discipliner &#8211; pr, content, event, sponsring och\nallt vad det \u00e4r. <\/p>\n\n\n\n<p>Det \u00e4r dags att ruska om i organisationsmyllret. Kommunikationsbranschen\n\u00e4r sv\u00e5rt \u00f6verbelamrad av organisationer. <\/p>\n\n\n\n<p>Jag har tjatat om det m\u00e5nga g\u00e5nger. Men jag g\u00f6r det igen.<\/p>\n\n\n\n<p>Att varje enskild disciplin ska ha sitt eget f\u00f6rbund (och\nsin egen t\u00e4vling) \u00e4r fullkomligt l\u00f6jligt. Det g\u00f6r bilden av branschen otydlig\noch dess r\u00f6st svag och splittrad. <\/p>\n\n\n\n<p>Jag kan se en viss logik i att det finns en organisation f\u00f6r\nannons\u00f6rer och en f\u00f6r byr\u00e5erna. Max.<\/p>\n\n\n\n<p>Men det finns flera fr\u00e5gor d\u00e4r ocks\u00e5 dessa tv\u00e5\norganisationer (annons\u00f6rernas och kommunikationsbyr\u00e5ernas) ska samarbeta mycket\nn\u00e4ra. Sj\u00e4lvklart g\u00e4ller det opinionsbildningen kring kommunikationens plats och\nroll. En oerh\u00f6rt viktig, men lite eftersatt uppgift. <\/p>\n\n\n\n<p>Men det finns mycket att enas om kring fr\u00e5gor om transparens\noch effekt. &nbsp;Som att agera med gemensam\nr\u00f6st i diskussioner och f\u00f6rhandlingar med mediehus och plattformar. <\/p>\n\n\n\n<p>Komm och Sveriges Annons\u00f6rer har nyligen samarbetat f\u00f6r att\nta fram Effektinitiativet. Det \u00e4r ett v\u00e4ldigt bra exempel p\u00e5 hur de kan n\u00e5 gemensamma\nm\u00e5l f\u00f6r sina medlemmars b\u00e4sta. &nbsp;&nbsp;<\/p>\n\n\n\n<p>Och om alla byr\u00e5discipliner sl\u00e4pper revirprestigen och g\u00e5r\nsamman, d\u00e5 kommer de att kunna g\u00f6ra verklig nytta f\u00f6r marknadsf\u00f6ringens och\nkommunikationens utveckling, f\u00f6r n\u00e4ringsliv och samh\u00e4llet och f\u00f6r sina\nmedlemmar.<\/p>\n<a href=\"http:\/\/twitter.com\/share\" class=\"twitter-share-button\" data-url=\"https:\/\/blogg.notabene.se\/?p=2674\" data-text=\"Bra val Komm!\" data-count=\"horizontal\">Tweet<\/a>","protected":false},"excerpt":{"rendered":"<p>Jag inbillar mig f\u00f6rst\u00e5s inte att Komm lyssnat p\u00e5 mina r\u00e5d, men det gl\u00e4der mig att de tog det beslut om vd, som jag f\u00f6respr\u00e5kade i min blogg i b\u00f6rjan av augusti. Linda Nilsson \u00e4r inte l\u00e4ngre t.f. vd, utan bara vd. Ett mycket bra val. Hon har gjort ett utm\u00e4rkt jobb under sin tid [&hellip;]<\/p>\n","protected":false},"author":1,"featured_media":0,"comment_status":"open","ping_status":"open","sticky":false,"template":"","format":"standard","meta":{"jetpack_post_was_ever_published":false,"_jetpack_newsletter_access":"","_jetpack_dont_email_post_to_subs":false,"_jetpack_newsletter_tier_id":0,"_jetpack_memberships_contains_paywalled_content":false,"_jetpack_memberships_contains_paid_content":false,"footnotes":"","jetpack_publicize_message":"","jetpack_publicize_feature_enabled":true,"jetpack_social_post_already_shared":true,"jetpack_social_options":{"image_generator_settings":{"template":"highway","enabled":false}}},"categories":[98,77],"tags":[],"jetpack_publicize_connections":[],"jetpack_featured_media_url":"","jetpack_shortlink":"https:\/\/wp.me\/p1k0bi-H8","jetpack_sharing_enabled":true,"jetpack_likes_enabled":true,"_links":{"self":[{"href":"https:\/\/blogg.notabene.se\/index.php?rest_route=\/wp\/v2\/posts\/2674"}],"collection":[{"href":"https:\/\/blogg.notabene.se\/index.php?rest_route=\/wp\/v2\/posts"}],"about":[{"href":"https:\/\/blogg.notabene.se\/index.php?rest_route=\/wp\/v2\/types\/post"}],"author":[{"embeddable":true,"href":"https:\/\/blogg.notabene.se\/index.php?rest_route=\/wp\/v2\/users\/1"}],"replies":[{"embeddable":true,"href":"https:\/\/blogg.notabene.se\/index.php?rest_route=%2Fwp%2Fv2%2Fcomments&post=2674"}],"version-history":[{"count":2,"href":"https:\/\/blogg.notabene.se\/index.php?rest_route=\/wp\/v2\/posts\/2674\/revisions"}],"predecessor-version":[{"id":2677,"href":"https:\/\/blogg.notabene.se\/index.php?rest_route=\/wp\/v2\/posts\/2674\/revisions\/2677"}],"wp:attachment":[{"href":"https:\/\/blogg.notabene.se\/index.php?rest_route=%2Fwp%2Fv2%2Fmedia&parent=2674"}],"wp:term":[{"taxonomy":"category","embeddable":true,"href":"https:\/\/blogg.notabene.se\/index.php?rest_route=%2Fwp%2Fv2%2Fcategories&post=2674"},{"taxonomy":"post_tag","embeddable":true,"href":"https:\/\/blogg.notabene.se\/index.php?rest_route=%2Fwp%2Fv2%2Ftags&post=2674"}],"curies":[{"name":"wp","href":"https:\/\/api.w.org\/{rel}","templated":true}]}}