{"id":2973,"date":"2023-07-22T14:42:39","date_gmt":"2023-07-22T13:42:39","guid":{"rendered":"http:\/\/blogg.notabene.se\/?p=2973"},"modified":"2023-07-23T07:46:10","modified_gmt":"2023-07-23T06:46:10","slug":"ett-syfte-kopplat-till-affaren-en-bra-brief-och-ett-stralande-resultat","status":"publish","type":"post","link":"https:\/\/blogg.notabene.se\/?p=2973","title":{"rendered":"Ett syfte kopplat till aff\u00e4ren, en bra brief och ett str\u00e5lande resultat"},"content":{"rendered":"\n<p>V\u00e4rdet av en bra brief och \u00f6msesidig respekt mellan f\u00f6retag och byr\u00e5, liksom betydelsen av l\u00e5ngsiktighet och kundinsikt beskrevs konkret och intressant vid ett webbinarium, som jag tittade p\u00e5 h\u00e4romdagen.<\/p>\n\n\n\n<p>Det var den brittiska kunskapsbanken Contagious som samtalade med <strong>Christina Bauer-Planck<\/strong>, global vice president f\u00f6r Hellmann\u2019s, p\u00e5 temat \u201dBriefing &amp; Agency Feedback\u201d. &nbsp;Hon delade d\u00e4r med sig av sina insikter och erfarenheter av att arbeta fram en bra brief f\u00f6r att f\u00e5 ut det mesta och b\u00e4sta av samarbetet med byr\u00e5erna.<\/p>\n\n\n\n<p>Samtalet utgick fr\u00e5n arbetet med Hellmann\u2019s majonn\u00e4s och konceptet \u201dMake taste, not waste\u201d som lett till tv\u00e5siffrig tillv\u00e4xt f\u00f6r varum\u00e4rket varje \u00e5r sedan 2020 och gjort Hellmann\u2019s till Unilevers mest framg\u00e5ngsrika varum\u00e4rke under perioden.<\/p>\n\n\n\n<p>Men f\u00f6r fem-sex \u00e5r sedan var bilden en helt annan. &nbsp;F\u00f6rs\u00e4ljningen av Hellmann\u2019s krympte och marknadsandelarna sj\u00f6nk. En problemgrupp var millenie-konsumenterna, som bara s\u00e5g majonn\u00e4s som en krydda.<\/p>\n\n\n\n<p>F\u00f6r att \u00e4ndra p\u00e5 detta tog man vetenskapen till hj\u00e4lp i det inledande arbetet f\u00f6r att skapa beteendef\u00f6r\u00e4ndringar.<\/p>\n\n\n\n<p>Omfattande konsumentstudier kunde bland annat visa att millenier varken bryr sig om Hellmann\u2019s eller majonn\u00e4s \u00f6ver huvud taget. Men de bryr sig om matsvinn. 80 procent sade sig f\u00f6rs\u00f6ka minska sitt matsvinn. Trots det kastar de mer mat \u00e4n n\u00e5gon tidigare generation.<\/p>\n\n\n\n<p>Bland annat f\u00f6r att de ofta upplever att det inte fanns n\u00e5got \u00e4tbart i kylsk\u00e5pet. Det finns i och f\u00f6r sig en hel del matvaror d\u00e4r, men \u201dingenting att \u00e4ta\u201d. &nbsp;<\/p>\n\n\n\n<p>Christina Bauer-Planck har konstaterat att ingen ju egentligen vill kasta mat, utan att matsvinn fr\u00e4mst beror p\u00e5 brist p\u00e5 tid och f\u00f6rm\u00e5ga (verklig eller upplevd) att g\u00f6ra n\u00e5got av det man har tillg\u00e4ngligt.<\/p>\n\n\n\n<p>Hon ber\u00e4ttade att man 2018 b\u00f6rjade med att l\u00e4gga sex m\u00e5nader p\u00e5 det grundl\u00e4ggande jobbet med en f\u00f6rsta brief.<\/p>\n\n\n\n<p>\u201dF\u00f6rst tog vi fram en ruff brief till oss sj\u00e4lva, f\u00f6r att klarg\u00f6ra v\u00e5ra m\u00e5l. Vad som var n\u00f6dv\u00e4ndigt att \u00e5stadkomma. Siffror. Allt s\u00e5dant\u201d.<\/p>\n\n\n\n<p>Hon konstaterade att den h\u00e4r perioden gav m\u00e5nga insikter. Och m\u00e5nga som str\u00f6ks.<\/p>\n\n\n\n<p>\u201dMatsvinn kan bero p\u00e5 s\u00e5 m\u00e5nga saker. Man kan prata om alla dessa saker i och f\u00f6r sig. Men vi beh\u00f6vde komma fram till var vi som varum\u00e4rke kan bidra p\u00e5 riktigt.\u201d<\/p>\n\n\n\n<p><strong>EN V\u00c4RDEGRUND ATT BYGGA P\u00c5<\/strong><\/p>\n\n\n\n<p>Unilever har l\u00e4nge arbetat utifr\u00e5n en samlad v\u00e4rdegrund. I ett reportage i Quo Vadis 2006 beskrev Unilevers d\u00e5varande nordiska koncernchef, <strong>Bruno Witvoet<\/strong>, hur man resonerade och hur viktigt det var att anpassa f\u00f6retaget och dess varum\u00e4rken till framtiden, till fromma lika mycket f\u00f6r konsumenterna som f\u00f6r medarbetare och aktie\u00e4gare.<\/p>\n\n\n\n<p>Detta hade bland annat manifesterats i att logotypen, som tidigare var ett r\u00e4tt stelt och industriellt U, i b\u00f6rjan av seklet uppdaterades till en symbol fylld av ikoner som representerar Unilevers f\u00f6retagsmission. N\u00e4r man tittar n\u00e4rmare p\u00e5 det versala \u201dU\u201d, som utg\u00f6r logotypen finner man stiliserade bilder p\u00e5 exempelvis plantor, f\u00e5glar, h\u00e4nder, stj\u00e4rnor, fiskar och andra symboler f\u00f6r ett gott liv, v\u00e4xtkraft, h\u00e4lsa och v\u00e4lbefinnande, h\u00e5llbar utveckling och s\u00e5 vidare.<\/p>\n\n\n\n<p>Dove \u00e4r ett av Unilevers varum\u00e4rken som manifesterar dessa v\u00e4rden genom &#8220;Real Beauty&#8221;.<\/p>\n\n\n\n<p>Men en majonn\u00e4s?<\/p>\n\n\n\n<p>Jo d\u00e5, f\u00f6ruts\u00e4ttningarna var tydligt \u00e4ven d\u00e4r.<\/p>\n\n\n\n<p>Utifr\u00e5n de insikter man f\u00e5tt under det f\u00f6rsta halv\u00e5rets arbete med briefen f\u00f6r Hellmann\u2019s utvecklades id\u00e9n att man skulle konvertera millenierna fr\u00e5n matf\u00f6rst\u00f6rare till matbevarare. &nbsp;<\/p>\n\n\n\n<p>N\u00e4r man kommit s\u00e5 l\u00e5ngt var det dags att ta fram en slutlig brief.<\/p>\n\n\n\n<p>\u201dEn s\u00e5dan ska vara enkel och tydlig, inte f\u00f6r detaljerad. Den ska vara sann och relevant. P\u00e5 det stadiet \u00e4r byr\u00e5n inblandad. V\u00e5r slutbrief m\u00e5ste tala med kreat\u00f6rerna p\u00e5 deras spr\u00e5k, s\u00e5 d\u00e5 \u00e4r det b\u00e4ttre att byr\u00e5n f\u00e5r skriva den\u201d, f\u00f6rklarade Christina Bauer-Planck och beskrev hur jobbet sen drog ig\u00e5ng.<\/p>\n\n\n\n<p>\u201dDe f\u00f6rsta m\u00e5naderna k\u00e4nde vi inte att det funkade. Ibland blev det f\u00f6r allvarligt. Det handlar ju trots allt bara om majonn\u00e4s. Sen var det f\u00f6r mycket fokus p\u00e5 sl\u00f6seri och avfall. En annan g\u00e5ng blev det f\u00f6r mycket slapstick. Men vi jobbade vidare. Och s\u00e5, \u00e4ntligen kom det. Boom!\u201d<\/p>\n\n\n\n<p>Med \u201dMake taste, not waste\u201d, skulle Hellmann\u2019s g\u00e5 fr\u00e5n att vara en krydda till en ingrediens f\u00f6r att ta vara p\u00e5 maten.<\/p>\n\n\n\n<p>\u201dD\u00e5 var det dags att fira och st\u00e4lla till med fest f\u00f6r byr\u00e5n\u201d, sa hon.<\/p>\n\n\n\n<p>F\u00f6r att budskapet skulle n\u00e5 ut snabbt och brett lanserades det p\u00e5 den dag som i USA representerar n\u00e4st mest matsvinn p\u00e5 hela \u00e5ret \u2013 Super Bowl. D\u00e5 samlas amerikanska folket framf\u00f6r tv-apparaterna och dukar upp plockmat i \u00f6verfl\u00f6d. Vilket ger fyllda sopp\u00e5sar dagen d\u00e4rp\u00e5.<\/p>\n\n\n\n<p>Den f\u00f6rsta Super Bowl-filmen <a href=\"https:\/\/youtu.be\/JxNttO9oxdg\" target=\"_blank\" rel=\"noreferrer noopener\">s\u00e5g ut s\u00e5 h\u00e4r<\/a>. <\/p>\n\n\n\n<p>\u00c5ret d\u00e4rp\u00e5 var det dags f\u00f6r <a href=\"https:\/\/youtu.be\/1L3h-PqISso\" target=\"_blank\" rel=\"noreferrer noopener\"><strong>denna<\/strong><\/a>. <\/p>\n\n\n\n<p>\u00c5rets film \u00e4r <a rel=\"noreferrer noopener\" href=\"https:\/\/youtu.be\/ebr2hzOGfMQ\" target=\"_blank\">denna<\/a>.<\/p>\n\n\n\n<p><strong>EN BRA BRIEF SKA LEVA L\u00c4NGE<\/strong><\/p>\n\n\n\n<p>P\u00e5 fr\u00e5gan om hur mycket av den ursprungliga briefen som lever kvar idag fem \u00e5r senare, svarade Christina Bauer-Planck:<\/p>\n\n\n\n<p>\u201dDen f\u00f6rsta briefen tar l\u00e4ngst tid. D\u00e4refter \u00e4r ju den kreativa strategin klar och varje uppdatering g\u00e5r mycket snabbare\u201d.<\/p>\n\n\n\n<p>Hon understr\u00f6k betydelsen av l\u00e5ngsiktigheten och som en konsekvens av detta formulerar man ocks\u00e5 ett antal \u201devergreen briefs\u201d, som i princip kan leva f\u00f6r evigt. De \u00e4r mycket korta, bara n\u00e5gra f\u00e5 ord p\u00e5 en enda rad. Alla som jobbar med varum\u00e4rken, p\u00e5 f\u00f6retaget och p\u00e5 byr\u00e5erna, kan dessa utantill och kan st\u00e4mma av mot dem under arbetets g\u00e5ng. En s\u00e5dan \u201devergreen brief\u201d lyder allts\u00e5 \u201dMake taste, not waste\u201d. Den reklamfilm som nu ocks\u00e5 g\u00e5r i Sverige p\u00e5 temat \u201d<a href=\"https:\/\/youtu.be\/Sx2oDDJ_zCQ\" target=\"_blank\" rel=\"noreferrer noopener\"><strong>Turning nothing into something<\/strong><\/a>\u201d st\u00e4mmer f\u00f6rst\u00e5s direkt mot den briefen.<\/p>\n\n\n\n<p>Detta g\u00e4ller ocks\u00e5 exempelvis en innovation som lanserades i Storbritannien tidigare i v\u00e5r;<a href=\"https:\/\/www.youtube.com\/shorts\/3szEEiuORu4\" target=\"_blank\" rel=\"noreferrer noopener\"> Hellmann\u2019s Smart Jar<\/a>. Utg\u00e5ngspunkten var att britterna ofta har lite f\u00f6r h\u00f6g temperatur i kylsk\u00e5pen, vilket f\u00f6rkortar h\u00e5llbarheten p\u00e5 m\u00e5nga matvaror. D\u00e4rf\u00f6r \u00e4r etiketten p\u00e5 Hellmann\u2019s-burken tryckt med en speciell f\u00e4rg som p\u00e5verkas av temperaturen och m\u00f6rknar n\u00e4r det \u00e4r 5 grader eller kallare och f\u00f6rmedlar budskapet att \u201dnu \u00e4r kylen tillr\u00e4ckligt kall\u201d. &nbsp;Ett litet hj\u00e4lpmedel f\u00f6r att \u00f6ka h\u00e5llbarheten p\u00e5 livsmedlen i sk\u00e5pet.<\/p>\n\n\n\n<p><strong>Hanneke Faber<\/strong>, president f\u00f6r Unilever Foods &amp; Refreshment, har i en intervju i Marketing Edge f\u00f6rklarat att \u201dHellmann\u2019s syfte att bek\u00e4mpa matsvinn har \u00f6kat varum\u00e4rkets kraft och varum\u00e4rkeskraft driver marknadsandelar och det i sin tur bidrar till tillv\u00e4xt. Men syftet \u00e4r bara glasyren p\u00e5 t\u00e5rtan, inte sj\u00e4lva t\u00e5rtan. Det g\u00e4ller att v\u00e4lja r\u00e4tt glasyr. Ett varum\u00e4rke m\u00e5ste hitta sitt syfte genom att f\u00f6rbli trogen sin produktsanning och kategorif\u00f6rdel. F\u00f6rst d\u00e5 kan de agera och tala om de fr\u00e5gor som \u00e4r viktiga f\u00f6r deras konsumenter\u201d.<\/p>\n\n\n\n<p>I linje med Hellmann\u2019s syfte och ambitionen att leva upp till till FN:s h\u00e5llbarhetsm\u00e5l \u00e4r det f\u00f6rst\u00e5s naturligt att majonn\u00e4sf\u00f6rpackningar tillverkas av 100 procent \u00e5tervunnen plast och att majonn\u00e4sen tillverkas av \u00e4gg fr\u00e5n frig\u00e5ende h\u00f6ns.<\/p>\n\n\n\n<p><strong>RESPEKT OCH \u00d6PPENHET \u00c4R N\u00d6DV\u00c4NDIGT <\/strong><\/p>\n\n\n\n<p>P\u00e5 webbinariet fick Christina Bauer-Planck fr\u00e5gan om vilka misstag hon tror \u00e4r vanliga n\u00e4r man formulerar briefer, konstaterar hon att det inte \u00e4r s\u00e5 l\u00e4tt att skriva en brief.<\/p>\n\n\n\n<p>\u201dMan m\u00e5ste utveckla sin f\u00f6rm\u00e5ga att skriva en brief. Det tar tid. Ett klassiskt misstag \u00e4r att man l\u00e4gger in f\u00f6r mycket information. F\u00f6r m\u00e5nga faktorer. D\u00e5 f\u00e5r byr\u00e5n sen f\u00f6rs\u00f6ka r\u00e4kna ut vilken de ska bry sig om. Briefen ska inte vara ett lexikon utan man ska sj\u00e4lv formulera det som \u00e4r viktigt\u201d, sa hon och fortsatte:<\/p>\n\n\n\n<p>\u201dEtt annat vanligt misstag \u00e4r att man ger sig p\u00e5 att skriva en kreativ brief. Det \u00e4r ett utm\u00e4rkt s\u00e4tt att begr\u00e4nsa byr\u00e5ns kreativitet. &nbsp;Som uppdragsgivare m\u00e5ste man g\u00f6ra strategiska val om vad som ska vara med, men man m\u00e5ste ge byr\u00e5n utrymme att vara kreativ. \u201d<\/p>\n\n\n\n<p>Hon beskrev sedan hur sp\u00e4nnande hon tycker det \u00e4r att se byr\u00e5ns presentationer av vad den kommit fram till.<\/p>\n\n\n\n<p>Men hon understr\u00f6k ocks\u00e5 hur viktigt det \u00e4r i en s\u00e5dan situation att vara medveten om sitt ansvar som kund. Att f\u00f6rst\u00e5 att byr\u00e5n \u00e4gnat veckors arbete \u00e5t jobbet.<\/p>\n\n\n\n<p>Sj\u00e4lv utv\u00e4rderar resultatet utifr\u00e5n ett antal fr\u00e5gest\u00e4llningar, som om det st\u00e4mmer \u00f6verens med briefen, m\u00e5ls\u00e4ttningarna, etcetera. Men den allra viktigaste fr\u00e5gan hon st\u00e4ller sig \u00e4r om det \u00e4r l\u00e4tt att f\u00f6rst\u00e5.<\/p>\n\n\n\n<p>\u201dSen m\u00e5ste jag l\u00e5ta allt sjunka in. Jag kan beh\u00f6va 24 timmar p\u00e5 mig innan jag kommer med min slutliga respons. D\u00e5 \u00e4r det viktigt att vara konstruktiv, \u00e4rlig och rak. Men allt m\u00e5ste ske med \u00f6msesidig respekt och tillit. Byr\u00e5n m\u00e5ste k\u00e4nna trygghet och s\u00e4kerhet. Jag m\u00e5ste kunna vara \u00e4rlig. Byr\u00e5n m\u00e5ste kunna vara \u00e4rlig. De m\u00e5ste kunna s\u00e4ga emot mig. &nbsp;\u00c4ven om jag inte fattar direkt, m\u00e5ste de kunna utmana mig och passionerat f\u00f6rsvara sina id\u00e9er. Det \u00e4r sj\u00e4lvklart\u201d, menade hon.<\/p>\n\n\n\n<p>Hon fick d\u00e5 fr\u00e5gan om hur man utvecklar ett s\u00e5dant f\u00f6rtroende mellan kund och byr\u00e5.<\/p>\n\n\n\n<p>\u201dN\u00e4r man v\u00e4ljer att samarbeta med en byr\u00e5 m\u00e5ste man anta att det finns kompetens, att folk g\u00f6r sitt b\u00e4sta f\u00f6r varum\u00e4rket. Det \u00e4r grunden. Det f\u00e5r inte finnas n\u00e5gon misstro eller misst\u00e4nksamhet. Sen m\u00e5ste man investera i relationen och l\u00e5ta den utvecklas. D\u00e4rf\u00f6r \u00e4r det s\u00e5 viktigt att man har l\u00e5nga relationer och att alla vet att man inte byter l\u00e4ttvindigt. D\u00e5 kan argumentera \u00f6ppet och rakt. Fr\u00e5n b\u00e5da sidor\u201d, menade hon och talade om samarbetet med byr\u00e5erna och utvecklingen av kommunikationen som en l\u00e4rande resa som man g\u00f6r tillsammans.<\/p>\n\n\n\n<p>Under resans g\u00e5ng tillkommer b\u00e5de nya id\u00e9er och uttryckss\u00e4tt. Det har bland annat inneburit att man idag l\u00e4gger undan en del av budgeten f\u00f6r att kunna jobba agilt n\u00e4r det \u00e4r l\u00e4mpligt.<\/p>\n\n\n\n<p>Det var inte s\u00e4rskilt f\u00f6rv\u00e5nande att en del av de \u00f6ppna chatkommentarer som d\u00f6k upp under webbinariet var p\u00e5 temat \u201dWhat a dream client!\u201d<\/p>\n<a href=\"http:\/\/twitter.com\/share\" class=\"twitter-share-button\" data-url=\"https:\/\/blogg.notabene.se\/?p=2973\" data-text=\"Ett syfte kopplat till aff\u00e4ren, en bra brief och ett str\u00e5lande resultat\" data-count=\"horizontal\">Tweet<\/a>","protected":false},"excerpt":{"rendered":"<p>V\u00e4rdet av en bra brief och \u00f6msesidig respekt mellan f\u00f6retag och byr\u00e5, liksom betydelsen av l\u00e5ngsiktighet och kundinsikt beskrevs konkret och intressant vid ett webbinarium, som jag tittade p\u00e5 h\u00e4romdagen. Det var den brittiska kunskapsbanken Contagious som samtalade med Christina Bauer-Planck, global vice president f\u00f6r Hellmann\u2019s, p\u00e5 temat \u201dBriefing &amp; Agency Feedback\u201d. &nbsp;Hon delade d\u00e4r [&hellip;]<\/p>\n","protected":false},"author":1,"featured_media":0,"comment_status":"open","ping_status":"open","sticky":false,"template":"","format":"standard","meta":{"jetpack_post_was_ever_published":false,"_jetpack_newsletter_access":"","_jetpack_dont_email_post_to_subs":false,"_jetpack_newsletter_tier_id":0,"_jetpack_memberships_contains_paywalled_content":false,"_jetpack_memberships_contains_paid_content":false,"footnotes":"","jetpack_publicize_message":"","jetpack_publicize_feature_enabled":true,"jetpack_social_post_already_shared":true,"jetpack_social_options":{"image_generator_settings":{"template":"highway","enabled":false}}},"categories":[68,113],"tags":[63],"jetpack_publicize_connections":[],"jetpack_featured_media_url":"","jetpack_shortlink":"https:\/\/wp.me\/p1k0bi-LX","jetpack_sharing_enabled":true,"jetpack_likes_enabled":true,"_links":{"self":[{"href":"https:\/\/blogg.notabene.se\/index.php?rest_route=\/wp\/v2\/posts\/2973"}],"collection":[{"href":"https:\/\/blogg.notabene.se\/index.php?rest_route=\/wp\/v2\/posts"}],"about":[{"href":"https:\/\/blogg.notabene.se\/index.php?rest_route=\/wp\/v2\/types\/post"}],"author":[{"embeddable":true,"href":"https:\/\/blogg.notabene.se\/index.php?rest_route=\/wp\/v2\/users\/1"}],"replies":[{"embeddable":true,"href":"https:\/\/blogg.notabene.se\/index.php?rest_route=%2Fwp%2Fv2%2Fcomments&post=2973"}],"version-history":[{"count":3,"href":"https:\/\/blogg.notabene.se\/index.php?rest_route=\/wp\/v2\/posts\/2973\/revisions"}],"predecessor-version":[{"id":2977,"href":"https:\/\/blogg.notabene.se\/index.php?rest_route=\/wp\/v2\/posts\/2973\/revisions\/2977"}],"wp:attachment":[{"href":"https:\/\/blogg.notabene.se\/index.php?rest_route=%2Fwp%2Fv2%2Fmedia&parent=2973"}],"wp:term":[{"taxonomy":"category","embeddable":true,"href":"https:\/\/blogg.notabene.se\/index.php?rest_route=%2Fwp%2Fv2%2Fcategories&post=2973"},{"taxonomy":"post_tag","embeddable":true,"href":"https:\/\/blogg.notabene.se\/index.php?rest_route=%2Fwp%2Fv2%2Ftags&post=2973"}],"curies":[{"name":"wp","href":"https:\/\/api.w.org\/{rel}","templated":true}]}}