{"id":3330,"date":"2026-03-15T17:10:44","date_gmt":"2026-03-15T16:10:44","guid":{"rendered":"https:\/\/blogg.notabene.se\/?p=3330"},"modified":"2026-03-16T07:26:49","modified_gmt":"2026-03-16T06:26:49","slug":"platinaakademin-decimeras","status":"publish","type":"post","link":"https:\/\/blogg.notabene.se\/?p=3330","title":{"rendered":"Platinaakademin decimeras"},"content":{"rendered":"\n<p>Inom loppet av n\u00e5gra veckor har tre av Platinaakademiens medlemmar l\u00e4mnat oss. Tre av reklambranschens stora.<\/p>\n\n\n\n<p>F\u00f6rst <strong>Sven-Olof Bodenfors<\/strong> (som fick Platina\u00e4gget 1998), som <a href=\"https:\/\/blogg.notabene.se\/?p=3303\">jag skrivit om tidigare<\/a>. Honom har jag genom \u00e5ren intervjuat m\u00e5nga g\u00e5nger och l\u00e4rt k\u00e4nna v\u00e4l.<\/p>\n\n\n\n<p>Nyligen gick ocks\u00e5 <strong>Johan Sten<\/strong> (Platina 1992) och <strong>Ove Pihl<\/strong> (Platina 1988) bort.<\/p>\n\n\n\n<p>Jag har inte haft lika m\u00e5nga tillf\u00e4llen att intervjua dem. Tv\u00e5 art directors som p\u00e5 flera s\u00e4tt var olika varandra, samtidigt som de delade en kreativ drift och str\u00e4van efter att n\u00e5 k\u00e4rnan av uppdraget och kommunicera visuellt och emotionellt. Under en tid var de ocks\u00e5 arbetskamrater p\u00e5 Arbmans.<\/p>\n\n\n\n<p>Men innan dess hade Ove Pihl hunnit med n\u00e5gra \u00e5r i New York d\u00e4r han b\u00e5de pluggade p\u00e5 the School of Visual Arts och jobbade p\u00e5 byr\u00e5. Han har beskrivit hur sp\u00e4nnande han upplevde den kreativa atmosf\u00e4ren d\u00e4r. Hur inspirerande det var n\u00e4r han vid ett tillf\u00e4lle bes\u00f6kte DDB, d\u00e4r den kreativa revolutionen f\u00f6tts. Ett kreativt f\u00f6red\u00f6me och grundmodellen f\u00f6r hur man skulle jobba med reklam. Under \u00e5ren i New York samlade han p\u00e5 sig en m\u00e4ngd annonser fr\u00e5n amerikanska tidningar. &nbsp;Ett intresse han ju delade med <strong>Claes Bergqvist<\/strong>, som var i New York ungef\u00e4r samtidigt.<\/p>\n\n\n\n<p>Jag vet inte om de tv\u00e5 tr\u00e4ffades i New York under den tiden, men de blev ju senare arbetskamrater p\u00e5 Falk &amp; Pihl, som Ove Pihl bildade 1974 tillsammans med <strong>Lars Falk<\/strong>. Men redan n\u00e5gra \u00e5r tidigare hade de tv\u00e5, tillsammans med ytterligare n\u00e5gra kreat\u00f6rer, hoppat av fr\u00e5n Arbmans och startat Falk &amp; Partners.<\/p>\n\n\n\n<p>Man kan ana Ove Pihls inspiration fr\u00e5n DDB och den kreativa revolutionen i hans jobb som AD. Rena, fr\u00e4scha annonser d\u00e4r formen blir en lika tydlig del av kommunikationen som orden och tillsammans n\u00e5r de rakt i m\u00e5l. Reklam som k\u00e4nns lika tilltalande och aktuell idag. Fast som s\u00e4llan har n\u00e5gon motsvarighet l\u00e4ngre.<\/p>\n\n\n\n<p>Redan tidigt under Falk &amp; Pihl-tiden l\u00e4mnade Ove Pihl delvis det l\u00f6pande reklamjobbet, f\u00f6r att ocks\u00e5 jobba med bokproduktion.<\/p>\n\n\n\n<p>1983 s\u00e5ldes byr\u00e5n till DDB, vilket m\u00e5ste ha k\u00e4nts som en enorm framg\u00e5ng. Vid den tiden var annars de internationella byr\u00e5n\u00e4tverken r\u00f6da skynken f\u00f6r de flesta svenska kreat\u00f6rer. \u201dAdaptionsreklam\u201d fn\u00f6s man och talade om hotet mot att den konstn\u00e4rliga friheten. Men det var sj\u00e4lvklart en helt annan sak, n\u00e4r det var den kreativa revolutionens h\u00e4rf\u00f6rare som ville k\u00f6pa. Det ledde ocks\u00e5 till att Ove Pihl kunde \u00e4gna sig alltmer \u00e5t bokutgivningen.<\/p>\n\n\n\n<p>Lika tydligt som hans reklam kommunicerade gjorde ocks\u00e5 bokproduktionerna i f\u00f6rlaget Atlantis (som bildades tillsammans med f\u00f6rlagschefen p\u00e5 Bokf\u00f6rlaget Forum <strong>Kjell Peterson<\/strong>). Den f\u00f6rsta boken var \u201dCarl Butlers Kokbok\u201d som kom 1974 (och gavs ut av just Forum). En rad kokb\u00f6cker producerades bland annat p\u00e5 Atlantis och senare p\u00e5 f\u00f6rlaget Page One. De k\u00e4nnetecknades av lust och pedagogiskt nyt\u00e4nkande. Jag har sj\u00e4lv fler \u00e4n ett halvdussin av de olika titlarna i min bokhylla.<\/p>\n\n\n\n<p>Page One startade 1990 med fokus p\u00e5 \u00e4mnesb\u00f6cker i samarbete med olika f\u00f6retag och organisationen som H&amp;M, Telia, Scania, F\u00f6rsvarsmakten, Kungahuset med flera.<\/p>\n\n\n\n<p>P\u00e5 senare \u00e5r \u00f6vergick Ove Pihl helt till konstn\u00e4rlig verksamhet och har haft fler utst\u00e4llningar av sina m\u00e5lningar.<\/p>\n\n\n\n<p>F\u00f6r Johan Sten var konsten alltid central. Medan Ove Pihls utbildning var mer tydligt inriktad mot grafisk design, kunde nog Johan Stens karri\u00e4r redan fr\u00e5n b\u00f6rjan ha blivit den fria konstn\u00e4rens. Han kom fr\u00e5n ett konstn\u00e4rshem och utbildade sig p\u00e5 konstskolor innan han b\u00f6rjade p\u00e5 Beckmans f\u00f6r att sen via Arbmans komma till Hall &amp; Cederquist. D\u00e4r blommande han ut ordentligt och blev en av v\u00e5ra mest guld\u00e4ggsbel\u00f6nade kreat\u00f6rer, med 14 guld och ett 20-tal silver genom \u00e5ren. B\u00e5de som anst\u00e4lld och senare som frilans, med jobb som exempelvis LRF-kampanjerna f\u00f6r den utrotningshotade arten \u201db\u00f6nder\u201d, som han gjorde tillsammans med <strong>Lars Forsberg<\/strong>. Andra varum\u00e4rken som f\u00e5tt hans signatur \u00e4r Orrefors, Svenskt Papper, Hasselblad, Wasabr\u00f6d, Mejerierna, Nescaf\u00e9, med flera.<\/p>\n\n\n\n<p>Konsten och konstn\u00e4rskapet f\u00f6ljde honom i jobbet, \u00e4ven om hans arbetsplatser kallades reklambyr\u00e5er. Jag minns speciellt ett tillf\u00e4lle, 1986, n\u00e4r han gjorde detta tydligt.<\/p>\n\n\n\n<p>D\u00e5 bildades Sveriges Reklamf\u00f6rbund genom en sammanslagning av d\u00e5varande Sveriges Reklambyr\u00e5f\u00f6rbund, som organiserade f\u00f6retagen i branschen, och kreat\u00f6rsorganisationen ABCD, f\u00f6rbundet f\u00f6r Art, Bild, Copy och Design. ABCD arrangerade Gud\u00e4ggst\u00e4vlingen, men leddes av en betydligt mer l\u00f6st sammansatt och ideellt arbetande styrelse \u00e4n byr\u00e5f\u00f6rbundet.<\/p>\n\n\n\n<p>Sammanslagningen hade diskuterats ett tag, som ett s\u00e4tt att st\u00e4rka hela reklambranschen, icke utan inv\u00e4ndningar f\u00f6rst\u00e5s. De b\u00e5da f\u00f6rbundens ledare lyckades dock gifta ihop sina organisationer och slutligen kunde stora delar av de b\u00e5das medlemmar samlas p\u00e5 Berns i Stockholm f\u00f6r att ta beslutet.<\/p>\n\n\n\n<p>Men innan det slutligen klubbades reste sig Johan Sten och gav uttryck f\u00f6r vad fler t\u00e4nkte \u00e4n v\u00e5gade uttrycka: \u201dMen vad h\u00e4nder med konsten?\u201d. En oro \u00f6ver vad som kunde bli f\u00f6ljden av att kreat\u00f6rernas ABCD skulle inlemmas i den gamla \u201darbetsgivarorganisationen\u201d. Skulle byr\u00e5erna bli f\u00f6r dominerande och organisationen mer administrativ \u00e4n kreativ? N\u00e5got som bland annat skulle kunna f\u00e5 effekter f\u00f6r Guld\u00e4gget.<\/p>\n\n\n\n<p>Man enades dock om en sammanslagning och det nybildade f\u00f6rbundet hade h\u00f6ga ambitioner och insikt om sv\u00e5righeterna. Det leddes av branschveteraner och eldsj\u00e4lar som b\u00e5de hade sina kollegers fulla f\u00f6rtroende och dessutom viljan att satsa mycket h\u00e5rt arbete f\u00f6r att skapa den organisation som branschen beh\u00f6vde. I b\u00f6rjan av 90-talet kom dock en (ganska kort) turbulent period, som skakade om b\u00e5ten en del. Men det \u00e4r f\u00f6rst\u00e5s en helt annan historia.<\/p>\n\n\n\n<p>Guld\u00e4gget fyller 65 \u00e5r i \u00e5r och Platinaakademien \u00e4r 10 \u00e5r yngre, men saknar nu ytterligare n\u00e5gra medlemmar som haft stor betydelse f\u00f6r svensk reklam.<\/p>\n<a href=\"http:\/\/twitter.com\/share\" class=\"twitter-share-button\" data-url=\"https:\/\/blogg.notabene.se\/?p=3330\" data-text=\"Platinaakademin decimeras\" data-count=\"horizontal\">Tweet<\/a>","protected":false},"excerpt":{"rendered":"<p>Inom loppet av n\u00e5gra veckor har tre av Platinaakademiens medlemmar l\u00e4mnat oss. Tre av reklambranschens stora. F\u00f6rst Sven-Olof Bodenfors (som fick Platina\u00e4gget 1998), som jag skrivit om tidigare. Honom har jag genom \u00e5ren intervjuat m\u00e5nga g\u00e5nger och l\u00e4rt k\u00e4nna v\u00e4l. Nyligen gick ocks\u00e5 Johan Sten (Platina 1992) och Ove Pihl (Platina 1988) bort. Jag har [&hellip;]<\/p>\n","protected":false},"author":1,"featured_media":0,"comment_status":"open","ping_status":"open","sticky":false,"template":"","format":"standard","meta":{"jetpack_post_was_ever_published":false,"_jetpack_newsletter_access":"","_jetpack_dont_email_post_to_subs":false,"_jetpack_newsletter_tier_id":0,"_jetpack_memberships_contains_paywalled_content":false,"_jetpack_memberships_contains_paid_content":false,"footnotes":"","jetpack_publicize_message":"","jetpack_publicize_feature_enabled":true,"jetpack_social_post_already_shared":true,"jetpack_social_options":{"image_generator_settings":{"template":"highway","enabled":false}}},"categories":[97],"tags":[107],"jetpack_publicize_connections":[],"jetpack_featured_media_url":"","jetpack_shortlink":"https:\/\/wp.me\/p1k0bi-RI","jetpack_sharing_enabled":true,"jetpack_likes_enabled":true,"_links":{"self":[{"href":"https:\/\/blogg.notabene.se\/index.php?rest_route=\/wp\/v2\/posts\/3330"}],"collection":[{"href":"https:\/\/blogg.notabene.se\/index.php?rest_route=\/wp\/v2\/posts"}],"about":[{"href":"https:\/\/blogg.notabene.se\/index.php?rest_route=\/wp\/v2\/types\/post"}],"author":[{"embeddable":true,"href":"https:\/\/blogg.notabene.se\/index.php?rest_route=\/wp\/v2\/users\/1"}],"replies":[{"embeddable":true,"href":"https:\/\/blogg.notabene.se\/index.php?rest_route=%2Fwp%2Fv2%2Fcomments&post=3330"}],"version-history":[{"count":3,"href":"https:\/\/blogg.notabene.se\/index.php?rest_route=\/wp\/v2\/posts\/3330\/revisions"}],"predecessor-version":[{"id":3334,"href":"https:\/\/blogg.notabene.se\/index.php?rest_route=\/wp\/v2\/posts\/3330\/revisions\/3334"}],"wp:attachment":[{"href":"https:\/\/blogg.notabene.se\/index.php?rest_route=%2Fwp%2Fv2%2Fmedia&parent=3330"}],"wp:term":[{"taxonomy":"category","embeddable":true,"href":"https:\/\/blogg.notabene.se\/index.php?rest_route=%2Fwp%2Fv2%2Fcategories&post=3330"},{"taxonomy":"post_tag","embeddable":true,"href":"https:\/\/blogg.notabene.se\/index.php?rest_route=%2Fwp%2Fv2%2Ftags&post=3330"}],"curies":[{"name":"wp","href":"https:\/\/api.w.org\/{rel}","templated":true}]}}