{"id":444,"date":"2011-02-01T10:30:42","date_gmt":"2011-02-01T09:30:42","guid":{"rendered":"http:\/\/blogg.notabene.se\/?p=444"},"modified":"2011-02-02T09:01:49","modified_gmt":"2011-02-02T08:01:49","slug":"kanske-borde-flora-fatt-vila-i-frid","status":"publish","type":"post","link":"https:\/\/blogg.notabene.se\/?p=444","title":{"rendered":"Kanske borde Flora f\u00e5tt vila i frid"},"content":{"rendered":"<p>N\u00e4r Margarinbolaget (\u00e4gt av Unilever) lanserade Flora\u00a01965 blev det n\u00e4rmast en sensation. I ett slag l\u00f6stes ett gammalt irriterande problem f\u00f6r sm\u00f6rg\u00e5s\u00e4tare.<\/p>\n<p>D\u00e4r kom \u00e4ntligen en produkt som var mjuk och bredbar, direkt fr\u00e5n kylsk\u00e5pet.<\/p>\n<p>Tidigare var det sm\u00f6r som g\u00e4llde p\u00e5 mackan, men man fick inte gl\u00f6mma att ta fram det ur kylen tillr\u00e4ckligt l\u00e5ngt i f\u00f6rv\u00e4g f\u00f6r att kunna bre sm\u00f6rg\u00e5sarna. Hur m\u00e5nga g\u00e5nger hade man inte st\u00e5tt d\u00e4r med en stenh\u00e5rd sm\u00f6rklump p\u00e5 kniven och slitit s\u00f6nder limpskivan?!<\/p>\n<p>L\u00e5t vara att det var margarin. Det togs emot med \u00f6ppna armar i alla fall. Det var ju s\u00e5 l\u00e4tt att anv\u00e4nda.<\/p>\n<p>Flora v\u00e4xte sig starkt. Kombinationen genial produkt och lika genial reklam \u00e4r oslagbar. L\u00e4gg d\u00e4rtill en snygg f\u00f6rpackning, formgiven av Carl-Arne Breger. Den uts\u00e5gs till \u00c5rets F\u00f6rpackning 1967.<\/p>\n<p>Alf Morks klassiska filmer med Margaretha Krook och Ernst-Hugo J\u00e4reg\u00e5rd l\u00e4rde konsumenterna b\u00e5de f\u00f6rdelen med bredbart sm\u00f6rg\u00e5smargarin och hur det skulle uttalas. Succ\u00e9n blev enorm och omedelbar. Flora tog helt enkelt slut i hyllorna.<\/p>\n<p>Sen fortsatte, som alltid, utvecklingen. \u00a0Intresset f\u00f6r mer fettsn\u00e5la produkter b\u00f6rjade p\u00e5 1970-talet och f\u00f6rde med sig att Svenskt Sm\u00f6r (numera Arla) lanserade L\u00e4tt &amp; Lagom, p\u00e5 mj\u00f6lkfettbaserade r\u00e5varor. Margarinbolaget testade en L\u00e4tt-Flora, men den blev ingen succ\u00e9. L\u00e4tt &amp; Lagom var helt enkelt s\u00e5 myket godare. Men p\u00e5 1990-talet \u00e5terkom Flora med en L\u00e4ttare Flora, marknadsf\u00f6rd med en ny reklamfilm med <a title=\"Florafilm\" href=\"https:\/\/www.youtube.com\/watch?v=zSQdOSVLO4g&amp;feature=related\" target=\"_blank\">Margaretha Krook och Ernst-Hugo J\u00e4reg\u00e5rd<\/a>.<\/p>\n<p>Men vid det laget hade Margarinbolagets eget L\u00e4tta lanserats, i n\u00e4ra samarbete med Leon Nordin, som ocks\u00e5 var djupt involverad i sj\u00e4lva produktutvecklingen. Och <a title=\"L\u00e4ttareklam\" href=\"https:\/\/www.youtube.com\/watch?v=uOAogdazRlk\" target=\"_blank\">L\u00e4tta<\/a> tog marknaden med storm och sprang omkull Flora p\u00e5 kuppen.<\/p>\n<p>Tja, sen blev det t\u00e4mligen tr\u00e5ngt i mejerikylens avdelning f\u00f6r sm\u00f6rg\u00e5sfett.<\/p>\n<p>I b\u00f6rjan av 2000-talet, n\u00e4r m\u00e5nga f\u00f6retag s\u00e5g \u00f6ver sina produktportf\u00f6ljer rensade \u00e4ven Unilever. L\u00e4tta var ett urstarkt kort. Becel hade kommit in med en h\u00e4lsoaspekt, som varit mycket lyckad.<\/p>\n<p>Det var l\u00e4nge sedan Flora var marknadsledaren, s\u00e5 i b\u00f6rjan av 2000-talet beslutade Unilever att sl\u00e5 ihop varum\u00e4rkena Milda och Flora. \u00a0Flora fick bli Milda Sm\u00f6rg\u00e5smargarin. Milda, som varit ett s\u00e5 starkt varum\u00e4rke, men direkt f\u00f6rknippat med stek- och bakfett. En faktor som f\u00f6rmodligen p\u00e5verkade beslutet, var att just h\u00e5rda stekfetter tappade marknad. Flora f\u00f6rsvann d\u00e4rmed fr\u00e5n\u00a0hyllorna, 2003. \u00a0M\u00e4rket har dock funnits kvar i exempelvis Tyskland.<\/p>\n<p>Men nu har allts\u00e5 Unilever best\u00e4mt sig f\u00f6r en relansering av Flora.<\/p>\n<p>Jag \u00e4r inte alldeles s\u00e4ker p\u00e5 att jag f\u00f6rst\u00e5r varf\u00f6r. Det \u00e4r ju egentligen ingen skillnad p\u00e5 inneh\u00e5llet i Flora och Milda.<\/p>\n<p>Jag anar att Milda aldrig blev n\u00e5gon riktig hit bland konsumenterna. Men synen p\u00e5 fullfettprodukterna har f\u00f6r\u00e4ndrats, s\u00e5 d\u00e4r finns tillv\u00e4xtm\u00f6jligheter.<\/p>\n<p>Det g\u00e4ller allts\u00e5 att konkurrera med Arlas Bregott. F\u00f6rmodligen hoppas Unilever att Flora ska ha en s\u00e5dan inneboende styrka att den ska g\u00f6ra det som inte Milda klarar.<\/p>\n<p>Det verkar dock finnas ett klart m\u00e5tt av \u00f6vertro p\u00e5 varum\u00e4rket Flora. P\u00e5 n\u00e5got annat s\u00e4tt kan man inte tolka de <a title=\"Flora reklamfilmer\" href=\"https:\/\/www.flora.nu\/reklamfilm\/\" target=\"_blank\">reklamfilmer<\/a> som nu utg\u00f6r relanseringskampanjen.<\/p>\n<p>Men Flora har aldrigt blivit n\u00e5gon bevingad symbol f\u00f6r svensk sommar. Dit n\u00e5r bara Pripps Bl\u00e5.<\/p>\n<p>Floras reklamfilmer blir d\u00e4rf\u00f6r mest f\u00e5niga. Riktigt, riktigt reklamiga och f\u00f6rljugna.<\/p>\n<p>Vem \u00e4lskar Flora till den milda grad att man gl\u00f6mmer tid och rum och bara njuter?<\/p>\n<p>Ingen. Absolut ingen. Snart f\u00f6rmodligen inte heller Unilever.<\/p>\n<a href=\"http:\/\/twitter.com\/share\" class=\"twitter-share-button\" data-url=\"https:\/\/blogg.notabene.se\/?p=444\" data-text=\"Kanske borde Flora f\u00e5tt vila i frid\" data-count=\"horizontal\">Tweet<\/a>","protected":false},"excerpt":{"rendered":"<p>N\u00e4r vi dr\u00f6mmer om svensk sommar, s\u00e5 inte \u00e4r det Flora vi ser framf\u00f6r oss. Relansering av det nerlagda varum\u00e4rket blir mest bara obegriplig och reklamig.<\/p>\n","protected":false},"author":1,"featured_media":0,"comment_status":"open","ping_status":"open","sticky":false,"template":"","format":"standard","meta":{"jetpack_post_was_ever_published":false,"_jetpack_newsletter_access":"","_jetpack_dont_email_post_to_subs":false,"_jetpack_newsletter_tier_id":0,"_jetpack_memberships_contains_paywalled_content":false,"_jetpack_memberships_contains_paid_content":false,"footnotes":"","jetpack_publicize_message":"","jetpack_publicize_feature_enabled":true,"jetpack_social_post_already_shared":false,"jetpack_social_options":{"image_generator_settings":{"template":"highway","enabled":false}}},"categories":[38,1,3],"tags":[32],"jetpack_publicize_connections":[],"jetpack_featured_media_url":"","jetpack_shortlink":"https:\/\/wp.me\/p1k0bi-7a","jetpack_sharing_enabled":true,"jetpack_likes_enabled":true,"_links":{"self":[{"href":"https:\/\/blogg.notabene.se\/index.php?rest_route=\/wp\/v2\/posts\/444"}],"collection":[{"href":"https:\/\/blogg.notabene.se\/index.php?rest_route=\/wp\/v2\/posts"}],"about":[{"href":"https:\/\/blogg.notabene.se\/index.php?rest_route=\/wp\/v2\/types\/post"}],"author":[{"embeddable":true,"href":"https:\/\/blogg.notabene.se\/index.php?rest_route=\/wp\/v2\/users\/1"}],"replies":[{"embeddable":true,"href":"https:\/\/blogg.notabene.se\/index.php?rest_route=%2Fwp%2Fv2%2Fcomments&post=444"}],"version-history":[{"count":3,"href":"https:\/\/blogg.notabene.se\/index.php?rest_route=\/wp\/v2\/posts\/444\/revisions"}],"predecessor-version":[{"id":463,"href":"https:\/\/blogg.notabene.se\/index.php?rest_route=\/wp\/v2\/posts\/444\/revisions\/463"}],"wp:attachment":[{"href":"https:\/\/blogg.notabene.se\/index.php?rest_route=%2Fwp%2Fv2%2Fmedia&parent=444"}],"wp:term":[{"taxonomy":"category","embeddable":true,"href":"https:\/\/blogg.notabene.se\/index.php?rest_route=%2Fwp%2Fv2%2Fcategories&post=444"},{"taxonomy":"post_tag","embeddable":true,"href":"https:\/\/blogg.notabene.se\/index.php?rest_route=%2Fwp%2Fv2%2Ftags&post=444"}],"curies":[{"name":"wp","href":"https:\/\/api.w.org\/{rel}","templated":true}]}}