{"id":802,"date":"2010-11-29T14:28:26","date_gmt":"2010-11-29T13:28:26","guid":{"rendered":"http:\/\/blogg.notabene.se\/?p=802"},"modified":"2011-08-29T14:29:01","modified_gmt":"2011-08-29T13:29:01","slug":"swedbank-slar-sig-ner-nedanfor-eken-igen","status":"publish","type":"post","link":"https:\/\/blogg.notabene.se\/?p=802","title":{"rendered":"Swedbank sl\u00e5r sig ner nedanf\u00f6r eken igen"},"content":{"rendered":"<p>Swedbank ligger illa till n\u00e4r det g\u00e4ller n\u00f6jda bankkunder.<br \/>\nFaktum \u00e4r att det \u00e4r en av de banker som f\u00e5r s\u00e4mst betyg, enligt m\u00e4tningar fr\u00e5n<br \/>\nSvenskt Kvalitetsindex. Det var ocks\u00e5 den bank som, tillsammans med SEB, tappade<br \/>\nmest f\u00f6rtroende under finanskrisen.<\/p>\n<p>Banker har alltid varit d\u00e5liga varum\u00e4rkesbyggare. F\u00e5 har<br \/>\nn\u00e5gon tydlig profil. I varje fall ingen som de sj\u00e4lva kan vara n\u00f6jda med.<br \/>\nD\u00e4rmed har det inte heller n\u00e5gon egentlig f\u00f6rtroendebuffert f\u00f6r kristider.<\/p>\n<p>Swedbank ska nu ta tag i problemet f\u00f6r egen del. De har<br \/>\ntagit fram en ny varum\u00e4rkesplattform och ska lansera sitt reklamkoncept utifr\u00e5n<br \/>\ndenna. D\u00e4r finns en historisk livlina, som man nu uppenbarligen hoppas ska<br \/>\nbogsera banken till en mer positiv och m\u00e4nsklig position. F\u00f6r \u00e4ven om banken<br \/>\ntidigare lyckats hugga av det mesta av sina r\u00f6tter, finns lite kvar att<br \/>\nkultivera igen. Sparbanks-bakgrunden \u00e4r inte alldeles utsuddad, \u00e4ven om man<br \/>\nlagt mycken kraft p\u00e5 att bli en storbank med internationellt g\u00e5ngbart namn och<br \/>\nstora (om\u00e4n emellan\u00e5t riktigt misslyckade) satsningar p\u00e5 andra marknader.<\/p>\n<p>Bland b\u00e5de f\u00f6retag och privatpersoner \u00e4r den gamla<br \/>\nSparbankseken en symbol f\u00f6r ekonomisk stabilitet och trygghet. I bankv\u00e4rlden<br \/>\nfinns knappast n\u00e5gonting som \u00e4r starkare laddat med positiva k\u00e4nslor. Under det<br \/>\ntr\u00e4det kan vi, likt en Ferdinand utan bekymmer, lugnt sitta och lukta p\u00e5<br \/>\nblommorna.<\/p>\n<p>Och nu ska allts\u00e5 Swedbank sl\u00e5 sig ner under eken med<br \/>\nsitt nya reklamkoncept. Det \u00e4r en klok tanke med en tydlig symbolik, som g\u00e5r<br \/>\natt utveckla \u00f6ver tid, tj\u00e4nstesektorer och alla kundgrupper.<\/p>\n<p>Men l\u00e5t oss hoppas att det inte bara \u00e4r en rolig<br \/>\nreklamid\u00e9, utan att den ocks\u00e5 f\u00f6rankras i verkligheten!<\/p>\n<p>M\u00e5 de p\u00e5st\u00e5dda grundv\u00e4rderingarna &#8211; \u00f6ppen, enkel och<br \/>\nomt\u00e4nksam &#8211; bli mer \u00e4n vackra ord i en copyplatform.<\/p>\n<p>Nu \u00e4r det upp till bevis, som g\u00e4ller! Den f\u00f6rsta<br \/>\nkampanjen ska bland annat handla om sm\u00e5f\u00f6retagare. Det finns m\u00e5nga, m\u00e5nga<br \/>\nsm\u00e5f\u00f6retagare som kan ber\u00e4tta hur deras liv under eken ser ut i verkligheten.<br \/>\nOch hur det rimligen borde se ut.<\/p>\n<p>Har Swedbank lyssnat p\u00e5 dem och utvecklat sin reklamid\u00e9<br \/>\ntill ett varum\u00e4rkesl\u00f6fte som kommer att uppfyllas?<\/p>\n<p>Lite tveksam blir jag allt, i alla fall.<\/p>\n<p>F\u00f6r av pressinformationen p\u00e5 Swedbanks hemsida, anar jag<br \/>\natt varum\u00e4rket \u00e4nd\u00e5 inte \u00e4r s\u00e5 h\u00f6gt prioriterat som man skulle \u00f6nska. Trots att<br \/>\ndet \u00e4r en f\u00f6ruts\u00e4ttning f\u00f6r att det nya konceptet ska bli n\u00e5got mer \u00e4n en tom<br \/>\nreklamid\u00e9, en lustifikation som faller platt till marken som ekl\u00f6ven en bl\u00e5sig<br \/>\nh\u00f6stdag.<\/p>\n<p>F\u00f6r i listan \u00f6ver f\u00f6retagets nyckelpersoner, fr\u00e5n A till<br \/>\n\u00d6, \u00e5terfinns \u00f6ver huvud taget inte marknadsdirekt\u00f6ren Bj\u00f6rn Larsson. D\u00e4r hittar<br \/>\nvi exempelvis presschefen, milj\u00f6chefen och den ansvariga f\u00f6r samh\u00e4llskontakter<br \/>\nbland alla ekonomer och analytiker. Men inte marknadsdirekt\u00f6ren med<br \/>\nkoncernansvar f\u00f6r varum\u00e4rkesfr\u00e5gor och strategisk marknadsf\u00f6ring. Dessa, de<br \/>\nviktigaste redskapen f\u00f6r bankens m\u00f6jligheter att \u00e5terta f\u00f6rtroendet v\u00e4rderas<br \/>\nuppenbarligen inte tillr\u00e4ckligt h\u00f6gt f\u00f6r att den ansvarige ska betraktas som<br \/>\ncentral i organisationen.<\/p>\n<p>&nbsp;<\/p>\n<p>&nbsp;<\/p>\n<p><em>(Inl\u00e4gget har varit publicerat i Dagens Industri i november 2010)<\/em><\/p>\n<a href=\"http:\/\/twitter.com\/share\" class=\"twitter-share-button\" data-url=\"https:\/\/blogg.notabene.se\/?p=802\" data-text=\"Swedbank sl\u00e5r sig ner nedanf\u00f6r eken igen\" data-count=\"horizontal\">Tweet<\/a>","protected":false},"excerpt":{"rendered":"<p>Swedbank ligger illa till n\u00e4r det g\u00e4ller n\u00f6jda bankkunder. Faktum \u00e4r att det \u00e4r en av de banker som f\u00e5r s\u00e4mst betyg, enligt m\u00e4tningar fr\u00e5n Svenskt Kvalitetsindex. Det var ocks\u00e5 den bank som, tillsammans med SEB, tappade mest f\u00f6rtroende under finanskrisen. Banker har alltid varit d\u00e5liga varum\u00e4rkesbyggare. F\u00e5 har n\u00e5gon tydlig profil. I varje fall [&hellip;]<\/p>\n","protected":false},"author":1,"featured_media":0,"comment_status":"open","ping_status":"open","sticky":false,"template":"","format":"standard","meta":{"jetpack_post_was_ever_published":false,"_jetpack_newsletter_access":"","_jetpack_dont_email_post_to_subs":false,"_jetpack_newsletter_tier_id":0,"_jetpack_memberships_contains_paywalled_content":false,"_jetpack_memberships_contains_paid_content":false,"footnotes":"","jetpack_publicize_message":"","jetpack_publicize_feature_enabled":true,"jetpack_social_post_already_shared":false,"jetpack_social_options":{"image_generator_settings":{"template":"highway","enabled":false}}},"categories":[1,3],"tags":[],"jetpack_publicize_connections":[],"jetpack_featured_media_url":"","jetpack_shortlink":"https:\/\/wp.me\/p1k0bi-cW","jetpack_sharing_enabled":true,"jetpack_likes_enabled":true,"_links":{"self":[{"href":"https:\/\/blogg.notabene.se\/index.php?rest_route=\/wp\/v2\/posts\/802"}],"collection":[{"href":"https:\/\/blogg.notabene.se\/index.php?rest_route=\/wp\/v2\/posts"}],"about":[{"href":"https:\/\/blogg.notabene.se\/index.php?rest_route=\/wp\/v2\/types\/post"}],"author":[{"embeddable":true,"href":"https:\/\/blogg.notabene.se\/index.php?rest_route=\/wp\/v2\/users\/1"}],"replies":[{"embeddable":true,"href":"https:\/\/blogg.notabene.se\/index.php?rest_route=%2Fwp%2Fv2%2Fcomments&post=802"}],"version-history":[{"count":2,"href":"https:\/\/blogg.notabene.se\/index.php?rest_route=\/wp\/v2\/posts\/802\/revisions"}],"predecessor-version":[{"id":804,"href":"https:\/\/blogg.notabene.se\/index.php?rest_route=\/wp\/v2\/posts\/802\/revisions\/804"}],"wp:attachment":[{"href":"https:\/\/blogg.notabene.se\/index.php?rest_route=%2Fwp%2Fv2%2Fmedia&parent=802"}],"wp:term":[{"taxonomy":"category","embeddable":true,"href":"https:\/\/blogg.notabene.se\/index.php?rest_route=%2Fwp%2Fv2%2Fcategories&post=802"},{"taxonomy":"post_tag","embeddable":true,"href":"https:\/\/blogg.notabene.se\/index.php?rest_route=%2Fwp%2Fv2%2Ftags&post=802"}],"curies":[{"name":"wp","href":"https:\/\/api.w.org\/{rel}","templated":true}]}}